{"id":24282,"date":"2025-04-27T19:40:18","date_gmt":"2025-04-27T19:40:18","guid":{"rendered":"https:\/\/new.findnews5.com\/?p=24282"},"modified":"2025-04-27T19:40:21","modified_gmt":"2025-04-27T19:40:21","slug":"flamur-noka-kunder-belind-kellicit-nuk-e-besoj-qe-tha-se-berisha-sdo-behet-kryeminister-do-jete-lapsus","status":"publish","type":"post","link":"https:\/\/new.findnews5.com\/?p=24282","title":{"rendered":"Flamur Noka kund\u00ebr Belind K\u00eblli\u00e7it: Nuk e besoj q\u00eb tha se Berisha s\u2019do b\u00ebhet kryeminist\u00ebr, do jet\u00eb lapsus"},"content":{"rendered":"<div class=\"78954ae5fa42b68c1393fe3da4998882\" data-index=\"1\" style=\"float: none; margin:0px 0 0px 0; text-align:center;\">\n<div data-type=\"_mgwidget\" data-widget-id=\"1576712\">\r\n<\/div>\r\n<script>(function(w,q){w[q]=w[q]||[];w[q].push([\"_mgc.load\"])})(window,\"_mgq\");\r\n<\/script>\r\n\n<\/div>\n\n<p>Flamur Noka mendon se Belind K\u00eblli\u00e7i ka b\u00ebr\u00eb lapsus kur ka th\u00ebn\u00eb q\u00eb \u201cSali Berisha nuk po b\u00ebn fushat\u00eb p\u00ebr t\u00eb qen\u00eb kryeminist\u00ebr i ardhsh\u00ebm.\u201d N\u00eb studion e Ylli Rakipit, sekretari i p\u00ebrgjithsh\u00ebm i PD-s\u00eb k\u00ebmb\u00ebnguli se, n\u00eb rastin m\u00eb t\u00eb mir\u00eb, kjo deklarat\u00eb \u00ebsht\u00eb nj\u00eb lapsus i K\u00eblli\u00e7it apo nj\u00eb keqinterpretim i medias.<\/p>\n\n\n\n<figure class=\"wp-block-image size-full\"><a href=\"https:\/\/new.findnews5.com\/?p=24284\"><img loading=\"lazy\" decoding=\"async\" width=\"745\" height=\"261\" src=\"http:\/\/new.findnews5.com\/wp-content\/uploads\/2025\/03\/SHTYPLAJMINKETU.jpg\" alt=\"\" class=\"wp-image-22778\" srcset=\"https:\/\/new.findnews5.com\/wp-content\/uploads\/2025\/03\/SHTYPLAJMINKETU.jpg 745w, https:\/\/new.findnews5.com\/wp-content\/uploads\/2025\/03\/SHTYPLAJMINKETU-300x105.jpg 300w\" sizes=\"auto, (max-width: 745px) 100vw, 745px\" \/><\/a><\/figure>\n\n<div style=\"font-size: 0px; height: 0px; line-height: 0px; margin: 0; padding: 0; clear: both;\"><\/div>","protected":false},"excerpt":{"rendered":"<p>Flamur Noka mendon se Belind K\u00eblli\u00e7i ka b\u00ebr\u00eb lapsus kur ka th\u00ebn\u00eb q\u00eb \u201cSali Berisha nuk po b\u00ebn fushat\u00eb p\u00ebr t\u00eb qen\u00eb kryeminist\u00ebr i ardhsh\u00ebm.\u201d N\u00eb studion&#8230; <\/p>\n","protected":false},"author":1,"featured_media":24283,"comment_status":"open","ping_status":"open","sticky":false,"template":"","format":"standard","meta":{"footnotes":""},"categories":[6],"tags":[],"class_list":["post-24282","post","type-post","status-publish","format-standard","has-post-thumbnail","hentry","category-lajme"],"_links":{"self":[{"href":"https:\/\/new.findnews5.com\/index.php?rest_route=\/wp\/v2\/posts\/24282","targetHints":{"allow":["GET"]}}],"collection":[{"href":"https:\/\/new.findnews5.com\/index.php?rest_route=\/wp\/v2\/posts"}],"about":[{"href":"https:\/\/new.findnews5.com\/index.php?rest_route=\/wp\/v2\/types\/post"}],"author":[{"embeddable":true,"href":"https:\/\/new.findnews5.com\/index.php?rest_route=\/wp\/v2\/users\/1"}],"replies":[{"embeddable":true,"href":"https:\/\/new.findnews5.com\/index.php?rest_route=%2Fwp%2Fv2%2Fcomments&post=24282"}],"version-history":[{"count":1,"href":"https:\/\/new.findnews5.com\/index.php?rest_route=\/wp\/v2\/posts\/24282\/revisions"}],"predecessor-version":[{"id":24287,"href":"https:\/\/new.findnews5.com\/index.php?rest_route=\/wp\/v2\/posts\/24282\/revisions\/24287"}],"wp:featuredmedia":[{"embeddable":true,"href":"https:\/\/new.findnews5.com\/index.php?rest_route=\/wp\/v2\/media\/24283"}],"wp:attachment":[{"href":"https:\/\/new.findnews5.com\/index.php?rest_route=%2Fwp%2Fv2%2Fmedia&parent=24282"}],"wp:term":[{"taxonomy":"category","embeddable":true,"href":"https:\/\/new.findnews5.com\/index.php?rest_route=%2Fwp%2Fv2%2Fcategories&post=24282"},{"taxonomy":"post_tag","embeddable":true,"href":"https:\/\/new.findnews5.com\/index.php?rest_route=%2Fwp%2Fv2%2Ftags&post=24282"}],"curies":[{"name":"wp","href":"https:\/\/api.w.org\/{rel}","templated":true}]}}