{"id":24266,"date":"2025-04-27T16:40:44","date_gmt":"2025-04-27T16:40:44","guid":{"rendered":"https:\/\/new.findnews5.com\/?p=24266"},"modified":"2025-04-27T16:40:45","modified_gmt":"2025-04-27T16:40:45","slug":"24266","status":"publish","type":"post","link":"https:\/\/new.findnews5.com\/?p=24266","title":{"rendered":""},"content":{"rendered":"<div class=\"78954ae5fa42b68c1393fe3da4998882\" data-index=\"1\" style=\"float: none; margin:0px 0 0px 0; text-align:center;\">\n<div data-type=\"_mgwidget\" data-widget-id=\"1576712\">\r\n<\/div>\r\n<script>(function(w,q){w[q]=w[q]||[];w[q].push([\"_mgc.load\"])})(window,\"_mgq\");\r\n<\/script>\r\n\n<\/div>\n\n<p>I ftuar n\u00eb \u201cTop News\u201d, Vrenzoi ka ftuar s\u00ebrish kryeministrin e vendit, Edi Ram\u00ebn n\u00eb nj\u00eb \u201cbetej\u00eb kok\u00eb m\u00eb kok\u00eb\u201d, duke n\u00ebnkuptuar qeverisjen e Shqip\u00ebris\u00eb.<\/p>\n\n\n\n<p>Gjithashtu, personazhi i \u201cTikTok\u201d e akuzon duke th\u00ebn\u00eb se Rama nuk e do Shqip\u00ebrin\u00eb, nd\u00ebrsa thekson se n\u00ebse nuk fiton do vras veten.<\/p>\n\n\n\n<p><em>\u201cMund t\u00eb duket habi, por un\u00eb kam 90 mij\u00eb ndjek\u00ebs n\u00eb rrjetet sociale. Kam pa hapur akoma 650 mesazhe. \u00cbsht\u00eb ngritur diaspora n\u00eb k\u00ebmb\u00eb t\u00eb m\u00eb mbroj\u00eb mua. N\u00ebse vazhdojn\u00eb sulmet ndaj meje, do e mund un\u00eb Edi Ram\u00ebn. Ore do mbetem n\u00eb histori. Un\u00eb e kam th\u00ebn\u00eb q\u00eb ky i vjedh zgjedhjet dhe nuk duhet t\u00eb hynin, duhet t\u00eb krijohej qeveri teknike.<\/em><\/p>\n\n\n\n<p><em>Po vazhdoi do fundos\u00eb veten. Vrenozi \u00ebsht\u00eb populli. I them t\u00eb dal\u00eb me mua kok\u00eb m\u00eb kok\u00eb, po nuk e munda, vras veten. Do vritem tek Sk\u00ebnderbeu. N\u00ebse ai m\u00eb mund, do var veten atje. &nbsp;Edi Rama nuk \u00ebsht\u00eb shqiptar more, ma beso. Edi Rama nuk i do shqiptar\u00eb<\/em>t\u201d, tha Vrenozi.<\/p>\n\n<div style=\"font-size: 0px; height: 0px; line-height: 0px; margin: 0; padding: 0; clear: both;\"><\/div>","protected":false},"excerpt":{"rendered":"<p>I ftuar n\u00eb \u201cTop News\u201d, Vrenzoi ka ftuar s\u00ebrish kryeministrin e vendit, Edi Ram\u00ebn n\u00eb nj\u00eb \u201cbetej\u00eb kok\u00eb m\u00eb kok\u00eb\u201d, duke n\u00ebnkuptuar qeverisjen e Shqip\u00ebris\u00eb. Gjithashtu, personazhi&#8230; <\/p>\n","protected":false},"author":1,"featured_media":0,"comment_status":"open","ping_status":"open","sticky":false,"template":"","format":"standard","meta":{"footnotes":""},"categories":[6],"tags":[],"class_list":["post-24266","post","type-post","status-publish","format-standard","hentry","category-lajme"],"_links":{"self":[{"href":"https:\/\/new.findnews5.com\/index.php?rest_route=\/wp\/v2\/posts\/24266","targetHints":{"allow":["GET"]}}],"collection":[{"href":"https:\/\/new.findnews5.com\/index.php?rest_route=\/wp\/v2\/posts"}],"about":[{"href":"https:\/\/new.findnews5.com\/index.php?rest_route=\/wp\/v2\/types\/post"}],"author":[{"embeddable":true,"href":"https:\/\/new.findnews5.com\/index.php?rest_route=\/wp\/v2\/users\/1"}],"replies":[{"embeddable":true,"href":"https:\/\/new.findnews5.com\/index.php?rest_route=%2Fwp%2Fv2%2Fcomments&post=24266"}],"version-history":[{"count":1,"href":"https:\/\/new.findnews5.com\/index.php?rest_route=\/wp\/v2\/posts\/24266\/revisions"}],"predecessor-version":[{"id":24268,"href":"https:\/\/new.findnews5.com\/index.php?rest_route=\/wp\/v2\/posts\/24266\/revisions\/24268"}],"wp:attachment":[{"href":"https:\/\/new.findnews5.com\/index.php?rest_route=%2Fwp%2Fv2%2Fmedia&parent=24266"}],"wp:term":[{"taxonomy":"category","embeddable":true,"href":"https:\/\/new.findnews5.com\/index.php?rest_route=%2Fwp%2Fv2%2Fcategories&post=24266"},{"taxonomy":"post_tag","embeddable":true,"href":"https:\/\/new.findnews5.com\/index.php?rest_route=%2Fwp%2Fv2%2Ftags&post=24266"}],"curies":[{"name":"wp","href":"https:\/\/api.w.org\/{rel}","templated":true}]}}