{"id":24261,"date":"2025-04-27T13:40:57","date_gmt":"2025-04-27T13:40:57","guid":{"rendered":"https:\/\/new.findnews5.com\/?p=24261"},"modified":"2025-04-27T13:41:00","modified_gmt":"2025-04-27T13:41:00","slug":"gjekmarkaj-shpresa-kthehet-me-pd-ndryshimi-ka-nisur","status":"publish","type":"post","link":"https:\/\/new.findnews5.com\/?p=24261","title":{"rendered":"Gjekmarkaj: Shpresa kthehet me PD, ndryshimi ka nisur"},"content":{"rendered":"<div class=\"78954ae5fa42b68c1393fe3da4998882\" data-index=\"1\" style=\"float: none; margin:0px 0 0px 0; text-align:center;\">\n<div data-type=\"_mgwidget\" data-widget-id=\"1576712\">\r\n<\/div>\r\n<script>(function(w,q){w[q]=w[q]||[];w[q].push([\"_mgc.load\"])})(window,\"_mgq\");\r\n<\/script>\r\n\n<\/div>\n<p>Drejtuesi politik i PD n\u00eb qarkun e Lezh\u00ebs, Agron Gjekmarkaj, postuar n\u00eb rrjetin e tij social Facebook, takimin q\u00eb ka zhvilluar me banor\u00ebt e Kurbinit, ku kan\u00eb ndar\u00eb shqet\u00ebsimet e tyre t\u00eb zon\u00ebs.<br \/>\nGjekmarman shprehet n\u00eb postimin e tij q\u00eb zotohemi q\u00eb do zgjidhim \u00e7do problem, ku shpresa kthehet me PD, ndryshimi ka nisur, triumfojm\u00eb m\u00eb 11 Maj, si shpresa e vetme e shp\u00ebtimit t\u00eb Shqip\u00ebris\u00eb.<\/p>\n\n\n<figure class=\"wp-block-image size-full\"><a href=\"https:\/\/new.findnews5.com\/?p=24259\"><img loading=\"lazy\" decoding=\"async\" width=\"745\" height=\"261\" src=\"http:\/\/new.findnews5.com\/wp-content\/uploads\/2025\/03\/SHTYPLAJMINKETU.jpg\" alt=\"\" class=\"wp-image-22778\" srcset=\"https:\/\/new.findnews5.com\/wp-content\/uploads\/2025\/03\/SHTYPLAJMINKETU.jpg 745w, https:\/\/new.findnews5.com\/wp-content\/uploads\/2025\/03\/SHTYPLAJMINKETU-300x105.jpg 300w\" sizes=\"auto, (max-width: 745px) 100vw, 745px\" \/><\/a><\/figure>\n\n<div style=\"font-size: 0px; height: 0px; line-height: 0px; margin: 0; padding: 0; clear: both;\"><\/div>","protected":false},"excerpt":{"rendered":"<p>Drejtuesi politik i PD n\u00eb qarkun e Lezh\u00ebs, Agron Gjekmarkaj, postuar n\u00eb rrjetin e tij social Facebook, takimin q\u00eb ka zhvilluar me banor\u00ebt e Kurbinit, ku kan\u00eb&#8230; <\/p>\n","protected":false},"author":1,"featured_media":24262,"comment_status":"open","ping_status":"open","sticky":false,"template":"","format":"standard","meta":{"footnotes":""},"categories":[6],"tags":[],"class_list":["post-24261","post","type-post","status-publish","format-standard","has-post-thumbnail","hentry","category-lajme"],"_links":{"self":[{"href":"https:\/\/new.findnews5.com\/index.php?rest_route=\/wp\/v2\/posts\/24261","targetHints":{"allow":["GET"]}}],"collection":[{"href":"https:\/\/new.findnews5.com\/index.php?rest_route=\/wp\/v2\/posts"}],"about":[{"href":"https:\/\/new.findnews5.com\/index.php?rest_route=\/wp\/v2\/types\/post"}],"author":[{"embeddable":true,"href":"https:\/\/new.findnews5.com\/index.php?rest_route=\/wp\/v2\/users\/1"}],"replies":[{"embeddable":true,"href":"https:\/\/new.findnews5.com\/index.php?rest_route=%2Fwp%2Fv2%2Fcomments&post=24261"}],"version-history":[{"count":1,"href":"https:\/\/new.findnews5.com\/index.php?rest_route=\/wp\/v2\/posts\/24261\/revisions"}],"predecessor-version":[{"id":24265,"href":"https:\/\/new.findnews5.com\/index.php?rest_route=\/wp\/v2\/posts\/24261\/revisions\/24265"}],"wp:featuredmedia":[{"embeddable":true,"href":"https:\/\/new.findnews5.com\/index.php?rest_route=\/wp\/v2\/media\/24262"}],"wp:attachment":[{"href":"https:\/\/new.findnews5.com\/index.php?rest_route=%2Fwp%2Fv2%2Fmedia&parent=24261"}],"wp:term":[{"taxonomy":"category","embeddable":true,"href":"https:\/\/new.findnews5.com\/index.php?rest_route=%2Fwp%2Fv2%2Fcategories&post=24261"},{"taxonomy":"post_tag","embeddable":true,"href":"https:\/\/new.findnews5.com\/index.php?rest_route=%2Fwp%2Fv2%2Ftags&post=24261"}],"curies":[{"name":"wp","href":"https:\/\/api.w.org\/{rel}","templated":true}]}}