{"id":24259,"date":"2025-04-27T13:40:29","date_gmt":"2025-04-27T13:40:29","guid":{"rendered":"https:\/\/new.findnews5.com\/?p=24259"},"modified":"2025-04-27T13:40:31","modified_gmt":"2025-04-27T13:40:31","slug":"24259","status":"publish","type":"post","link":"https:\/\/new.findnews5.com\/?p=24259","title":{"rendered":""},"content":{"rendered":"<div class=\"78954ae5fa42b68c1393fe3da4998882\" data-index=\"1\" style=\"float: none; margin:0px 0 0px 0; text-align:center;\">\n<div data-type=\"_mgwidget\" data-widget-id=\"1576712\">\r\n<\/div>\r\n<script>(function(w,q){w[q]=w[q]||[];w[q].push([\"_mgc.load\"])})(window,\"_mgq\");\r\n<\/script>\r\n\n<\/div>\n\n<p><strong>Postimi i plot\u00eb:<\/strong><\/p>\n\n\n\n<p><em>La\u00e7i, si gjith\u00eb Kurbini, \u00ebsht\u00eb braktisur gjith\u00eb k\u00ebto vite. Gjat\u00eb takimit me qytetar t\u00eb k\u00ebsaj zone, problemet q\u00eb shprehin jan\u00eb shqet\u00ebsuese dhe ne zotohemi q\u00eb do t\u2019i zgjidhim.<\/em><\/p>\n\n\n\n<p><em>Asnj\u00eb investim serioz, p\u00ebrve\u00e7 fasadave t\u00eb pallateve q\u00eb sot jan\u00eb bosh, sepse djemt\u00eb e vajzat tona jan\u00eb larguar nga varf\u00ebria dhe mungesa e shpres\u00ebs.<\/em><\/p>\n\n\n\n<p><em>P\u00ebr 12 vite me radh\u00eb, n\u00ebn qeverisjen e Edi Ram\u00ebs, La\u00e7i dhe Shqip\u00ebria jan\u00eb zhytur n\u00eb harres\u00eb:<\/em><\/p>\n\n\n\n<p><em>\u2022 Sh\u00ebndet\u00ebsi pa sh\u00ebrbim, ila\u00e7e t\u00eb pap\u00ebrballueshme<\/em><\/p>\n\n\n\n<p><em>\u2022 Bujq\u00ebsia dhe blegtoria n\u00eb kolaps<\/em><\/p>\n\n\n\n<p><em>\u2022 Energjia, nj\u00eb barr\u00eb q\u00eb r\u00ebndon \u00e7do familje<\/em><\/p>\n\n\n\n<p><em>\u2022 Pensione q\u00eb nuk sigurojn\u00eb as buk\u00ebn e goj\u00ebs<\/em><\/p>\n\n\n\n<p><em>\u2022 \u00c7mime q\u00eb rriten \u00e7do dit\u00eb, nd\u00ebrsa rrogat mbeten n\u00eb vend<\/em><\/p>\n\n\n\n<p><em>Koha e Ram\u00ebs dhe oborrtar\u00ebve t\u00eb tij ka mbaruar.<\/em><\/p>\n\n\n\n<p><em>Partia Demokratike ka nj\u00eb plan t\u00eb qart\u00eb p\u00ebr ringritjen e Kurbinin dhe gjith\u00eb vendit:<\/em><\/p>\n\n\n\n<p><em>N\u00eb 100 dit\u00ebt e para t\u00eb qeverisjes son\u00eb:<\/em><\/p>\n\n\n\n<p><em>\u2022 Do t\u00eb miratojm\u00eb minimumin jetik prej 200 eurosh<\/em><\/p>\n\n\n\n<p><em>\u2022 Asnj\u00eb pensionist nuk do t\u00eb marr\u00eb m\u00eb pak se 200 euro n\u00eb muaj<\/em><\/p>\n\n\n\n<p><em>Shpresa kthehet me PD,ndryshimi ka nisur, triumfojm\u00eb m\u00eb 11 Maj, si shpresa e vetme e shp\u00ebtimit t\u00eb Shqip\u00ebris\u00eb<\/em><\/p>\n\n<div style=\"font-size: 0px; height: 0px; line-height: 0px; margin: 0; padding: 0; clear: both;\"><\/div>","protected":false},"excerpt":{"rendered":"<p>Postimi i plot\u00eb: La\u00e7i, si gjith\u00eb Kurbini, \u00ebsht\u00eb braktisur gjith\u00eb k\u00ebto vite. Gjat\u00eb takimit me qytetar t\u00eb k\u00ebsaj zone, problemet q\u00eb shprehin jan\u00eb shqet\u00ebsuese dhe ne zotohemi&#8230; <\/p>\n","protected":false},"author":1,"featured_media":0,"comment_status":"open","ping_status":"open","sticky":false,"template":"","format":"standard","meta":{"footnotes":""},"categories":[6],"tags":[],"class_list":["post-24259","post","type-post","status-publish","format-standard","hentry","category-lajme"],"_links":{"self":[{"href":"https:\/\/new.findnews5.com\/index.php?rest_route=\/wp\/v2\/posts\/24259","targetHints":{"allow":["GET"]}}],"collection":[{"href":"https:\/\/new.findnews5.com\/index.php?rest_route=\/wp\/v2\/posts"}],"about":[{"href":"https:\/\/new.findnews5.com\/index.php?rest_route=\/wp\/v2\/types\/post"}],"author":[{"embeddable":true,"href":"https:\/\/new.findnews5.com\/index.php?rest_route=\/wp\/v2\/users\/1"}],"replies":[{"embeddable":true,"href":"https:\/\/new.findnews5.com\/index.php?rest_route=%2Fwp%2Fv2%2Fcomments&post=24259"}],"version-history":[{"count":1,"href":"https:\/\/new.findnews5.com\/index.php?rest_route=\/wp\/v2\/posts\/24259\/revisions"}],"predecessor-version":[{"id":24263,"href":"https:\/\/new.findnews5.com\/index.php?rest_route=\/wp\/v2\/posts\/24259\/revisions\/24263"}],"wp:attachment":[{"href":"https:\/\/new.findnews5.com\/index.php?rest_route=%2Fwp%2Fv2%2Fmedia&parent=24259"}],"wp:term":[{"taxonomy":"category","embeddable":true,"href":"https:\/\/new.findnews5.com\/index.php?rest_route=%2Fwp%2Fv2%2Fcategories&post=24259"},{"taxonomy":"post_tag","embeddable":true,"href":"https:\/\/new.findnews5.com\/index.php?rest_route=%2Fwp%2Fv2%2Ftags&post=24259"}],"curies":[{"name":"wp","href":"https:\/\/api.w.org\/{rel}","templated":true}]}}