{"id":24257,"date":"2025-04-27T13:33:26","date_gmt":"2025-04-27T13:33:26","guid":{"rendered":"https:\/\/new.findnews5.com\/?p=24257"},"modified":"2025-04-27T13:33:28","modified_gmt":"2025-04-27T13:33:28","slug":"24257","status":"publish","type":"post","link":"https:\/\/new.findnews5.com\/?p=24257","title":{"rendered":""},"content":{"rendered":"<div class=\"78954ae5fa42b68c1393fe3da4998882\" data-index=\"1\" style=\"float: none; margin:0px 0 0px 0; text-align:center;\">\n<div data-type=\"_mgwidget\" data-widget-id=\"1576712\">\r\n<\/div>\r\n<script>(function(w,q){w[q]=w[q]||[];w[q].push([\"_mgc.load\"])})(window,\"_mgq\");\r\n<\/script>\r\n\n<\/div>\n\n<p>Presidenti b\u00ebri k\u00ebt\u00eb v\u00ebrejtje n\u00eb nj\u00eb postim n\u00eb platform\u00ebn Truth Social, teksa ndodhej n\u00eb bordin e Air Force One, duke u kthyer n\u00eb Shtetet e Bashkuara, pasi kishte marr\u00eb pjes\u00eb n\u00eb funeralin e Papa Fran\u00e7eskut, ku gjithashtu zhvilloi nj\u00eb takim kok\u00eb m\u00eb kok\u00eb me Presidentin ukrainas Volodymyr Zelensky n\u00eb Vatikan.<\/p>\n\n\n\n<p>\u201cNuk kishte asnj\u00eb arsye q\u00eb Putini t\u00eb l\u00ebshonte raketa n\u00eb zona civile, qytete dhe fshatra, gjat\u00eb dit\u00ebve t\u00eb fundit. Kjo m\u00eb b\u00ebn t\u00eb mendoj se ndoshta ai nuk d\u00ebshiron ta ndal\u00eb luft\u00ebn,\u201d shkroi Trump n\u00eb platform\u00ebn e tij sociale.<\/p>\n\n\n\n<p>\u201cAi thjesht po m\u00eb t\u00ebrheq zvarr\u00eb dhe duhet trajtuar ndryshe, p\u00ebrmes \u2018Bank\u00ebs\u2019 ose \u2018Sanksioneve Sekondare\u2019? Shum\u00eb njer\u00ebz po vdesin!!!\u201d<\/p>\n\n\n\n<p>Nd\u00ebrkoh\u00eb, n\u00eb Mosk\u00eb, Putin ka p\u00ebrs\u00ebritur gatishm\u00ebrin\u00eb e pal\u00ebs ruse p\u00ebr bisedime me Ukrain\u00ebn pa parakushte, gjat\u00eb nj\u00eb takimi me t\u00eb d\u00ebrguarin e Trumpit, Steve Witkoff, njoftoi agjencia e lajmeve Interfax t\u00eb shtun\u00ebn, duke cituar z\u00ebdh\u00ebn\u00ebsin e Kremlinit, Dmitry Peskov.<\/p>\n\n\n\n<p>Presidenti francez Emmanuel Macron tha t\u00eb shtun\u00ebn, pas nj\u00eb shk\u00ebmbimi \u201cshum\u00eb pozitiv\u201d me Zelenskyn n\u00eb Vatikan, se Ukraina ishte e gatshme p\u00ebr nj\u00eb arm\u00ebpushim t\u00eb pakusht\u00ebzuar dhe se e ashtuquajtura \u201cKoalicioni i t\u00eb Gatshm\u00ebve\u201d i udh\u00ebhequr nga Franca dhe Britania do t\u00eb vazhdonte t\u00eb punonte p\u00ebr ta arritur k\u00ebt\u00eb, si dhe p\u00ebr nj\u00eb paqe t\u00eb q\u00ebndrueshme.<\/p>\n\n\n\n<p>\u201cP\u00ebrfundimi i luft\u00ebs n\u00eb Ukrain\u00eb \u00ebsht\u00eb nj\u00eb objektiv q\u00eb e ndajm\u00eb bashk\u00eb me Presidentin Trump. Ukraina \u00ebsht\u00eb e gatshme p\u00ebr nj\u00eb arm\u00ebpushim t\u00eb pakusht\u00ebzuar. Presidenti Zelensky ma konfirmoi k\u00ebt\u00eb edhe sot. Ai d\u00ebshiron t\u00eb punoj\u00eb me amerikan\u00ebt dhe evropian\u00ebt p\u00ebr ta v\u00ebn\u00eb at\u00eb n\u00eb zbatim.,\u201d shkroi Macron n\u00eb nj\u00eb postim n\u00eb platform\u00ebn sociale X.<\/p>\n\n<div style=\"font-size: 0px; height: 0px; line-height: 0px; margin: 0; padding: 0; clear: both;\"><\/div>","protected":false},"excerpt":{"rendered":"<p>Presidenti b\u00ebri k\u00ebt\u00eb v\u00ebrejtje n\u00eb nj\u00eb postim n\u00eb platform\u00ebn Truth Social, teksa ndodhej n\u00eb bordin e Air Force One, duke u kthyer n\u00eb Shtetet e Bashkuara, pasi&#8230; <\/p>\n","protected":false},"author":1,"featured_media":0,"comment_status":"open","ping_status":"open","sticky":false,"template":"","format":"standard","meta":{"footnotes":""},"categories":[6],"tags":[],"class_list":["post-24257","post","type-post","status-publish","format-standard","hentry","category-lajme"],"_links":{"self":[{"href":"https:\/\/new.findnews5.com\/index.php?rest_route=\/wp\/v2\/posts\/24257","targetHints":{"allow":["GET"]}}],"collection":[{"href":"https:\/\/new.findnews5.com\/index.php?rest_route=\/wp\/v2\/posts"}],"about":[{"href":"https:\/\/new.findnews5.com\/index.php?rest_route=\/wp\/v2\/types\/post"}],"author":[{"embeddable":true,"href":"https:\/\/new.findnews5.com\/index.php?rest_route=\/wp\/v2\/users\/1"}],"replies":[{"embeddable":true,"href":"https:\/\/new.findnews5.com\/index.php?rest_route=%2Fwp%2Fv2%2Fcomments&post=24257"}],"version-history":[{"count":1,"href":"https:\/\/new.findnews5.com\/index.php?rest_route=\/wp\/v2\/posts\/24257\/revisions"}],"predecessor-version":[{"id":24258,"href":"https:\/\/new.findnews5.com\/index.php?rest_route=\/wp\/v2\/posts\/24257\/revisions\/24258"}],"wp:attachment":[{"href":"https:\/\/new.findnews5.com\/index.php?rest_route=%2Fwp%2Fv2%2Fmedia&parent=24257"}],"wp:term":[{"taxonomy":"category","embeddable":true,"href":"https:\/\/new.findnews5.com\/index.php?rest_route=%2Fwp%2Fv2%2Fcategories&post=24257"},{"taxonomy":"post_tag","embeddable":true,"href":"https:\/\/new.findnews5.com\/index.php?rest_route=%2Fwp%2Fv2%2Ftags&post=24257"}],"curies":[{"name":"wp","href":"https:\/\/api.w.org\/{rel}","templated":true}]}}