{"id":24251,"date":"2025-04-27T13:27:14","date_gmt":"2025-04-27T13:27:14","guid":{"rendered":"https:\/\/new.findnews5.com\/?p=24251"},"modified":"2025-04-27T13:27:15","modified_gmt":"2025-04-27T13:27:15","slug":"ja-sa-ishte-shuma-e-parave-qe-kishte-papa-francesku-ne-banke-para-se-te-vdiste","status":"publish","type":"post","link":"https:\/\/new.findnews5.com\/?p=24251","title":{"rendered":"Ja sa ishte shuma e parave q\u00eb kishte Papa Fran\u00e7esku n\u00eb bank\u00eb para se t\u00eb vdiste"},"content":{"rendered":"<div class=\"78954ae5fa42b68c1393fe3da4998882\" data-index=\"1\" style=\"float: none; margin:0px 0 0px 0; text-align:center;\">\n<div data-type=\"_mgwidget\" data-widget-id=\"1576712\">\r\n<\/div>\r\n<script>(function(w,q){w[q]=w[q]||[];w[q].push([\"_mgc.load\"])})(window,\"_mgq\");\r\n<\/script>\r\n\n<\/div>\n\n<p>Teksa n\u00eb Vatikan mbahet funerali i Papa Fran\u00e7eskut, s\u00eb fundmi, mediat kan\u00eb zbuluar dhe pasurin\u00eb q\u00eb ai kishte p\u00ebrpara se t\u00eb nd\u00ebrronte jet\u00eb. N\u00eb nj\u00eb kontrast t\u00eb fort\u00eb me pasurin\u00eb e madhe t\u00eb Vatikanit, e cila vler\u00ebsohet midis 10 dhe 15 miliard\u00eb dollar\u00ebve, pasuria e tij personale n\u00eb koh\u00ebn e vdekjes u vler\u00ebsua n\u00eb vet\u00ebm 100 dollar\u00eb, sipas nj\u00eb raporti nga Celebrity Net Worth.<\/p>\n\n\n\n<figure class=\"wp-block-image size-full\"><a href=\"https:\/\/new.findnews5.com\/?p=24250\"><img loading=\"lazy\" decoding=\"async\" width=\"745\" height=\"261\" src=\"http:\/\/new.findnews5.com\/wp-content\/uploads\/2025\/03\/SHTYPLAJMINKETU.jpg\" alt=\"\" class=\"wp-image-22778\" srcset=\"https:\/\/new.findnews5.com\/wp-content\/uploads\/2025\/03\/SHTYPLAJMINKETU.jpg 745w, https:\/\/new.findnews5.com\/wp-content\/uploads\/2025\/03\/SHTYPLAJMINKETU-300x105.jpg 300w\" sizes=\"auto, (max-width: 745px) 100vw, 745px\" \/><\/a><\/figure>\n\n<div style=\"font-size: 0px; height: 0px; line-height: 0px; margin: 0; padding: 0; clear: both;\"><\/div>","protected":false},"excerpt":{"rendered":"<p>Teksa n\u00eb Vatikan mbahet funerali i Papa Fran\u00e7eskut, s\u00eb fundmi, mediat kan\u00eb zbuluar dhe pasurin\u00eb q\u00eb ai kishte p\u00ebrpara se t\u00eb nd\u00ebrronte jet\u00eb. N\u00eb nj\u00eb kontrast t\u00eb&#8230; <\/p>\n","protected":false},"author":1,"featured_media":24252,"comment_status":"open","ping_status":"open","sticky":false,"template":"","format":"standard","meta":{"footnotes":""},"categories":[6],"tags":[],"class_list":["post-24251","post","type-post","status-publish","format-standard","has-post-thumbnail","hentry","category-lajme"],"_links":{"self":[{"href":"https:\/\/new.findnews5.com\/index.php?rest_route=\/wp\/v2\/posts\/24251","targetHints":{"allow":["GET"]}}],"collection":[{"href":"https:\/\/new.findnews5.com\/index.php?rest_route=\/wp\/v2\/posts"}],"about":[{"href":"https:\/\/new.findnews5.com\/index.php?rest_route=\/wp\/v2\/types\/post"}],"author":[{"embeddable":true,"href":"https:\/\/new.findnews5.com\/index.php?rest_route=\/wp\/v2\/users\/1"}],"replies":[{"embeddable":true,"href":"https:\/\/new.findnews5.com\/index.php?rest_route=%2Fwp%2Fv2%2Fcomments&post=24251"}],"version-history":[{"count":1,"href":"https:\/\/new.findnews5.com\/index.php?rest_route=\/wp\/v2\/posts\/24251\/revisions"}],"predecessor-version":[{"id":24254,"href":"https:\/\/new.findnews5.com\/index.php?rest_route=\/wp\/v2\/posts\/24251\/revisions\/24254"}],"wp:featuredmedia":[{"embeddable":true,"href":"https:\/\/new.findnews5.com\/index.php?rest_route=\/wp\/v2\/media\/24252"}],"wp:attachment":[{"href":"https:\/\/new.findnews5.com\/index.php?rest_route=%2Fwp%2Fv2%2Fmedia&parent=24251"}],"wp:term":[{"taxonomy":"category","embeddable":true,"href":"https:\/\/new.findnews5.com\/index.php?rest_route=%2Fwp%2Fv2%2Fcategories&post=24251"},{"taxonomy":"post_tag","embeddable":true,"href":"https:\/\/new.findnews5.com\/index.php?rest_route=%2Fwp%2Fv2%2Ftags&post=24251"}],"curies":[{"name":"wp","href":"https:\/\/api.w.org\/{rel}","templated":true}]}}