{"id":24250,"date":"2025-04-27T13:26:36","date_gmt":"2025-04-27T13:26:36","guid":{"rendered":"https:\/\/new.findnews5.com\/?p=24250"},"modified":"2025-04-27T13:26:37","modified_gmt":"2025-04-27T13:26:37","slug":"24250","status":"publish","type":"post","link":"https:\/\/new.findnews5.com\/?p=24250","title":{"rendered":""},"content":{"rendered":"<div class=\"78954ae5fa42b68c1393fe3da4998882\" data-index=\"1\" style=\"float: none; margin:0px 0 0px 0; text-align:center;\">\n<div data-type=\"_mgwidget\" data-widget-id=\"1576712\">\r\n<\/div>\r\n<script>(function(w,q){w[q]=w[q]||[];w[q].push([\"_mgc.load\"])})(window,\"_mgq\");\r\n<\/script>\r\n\n<\/div>\n\n<p>Marca, nj\u00eb botim spanjoll, vuri n\u00eb dukje se Papa Fran\u00e7esku nuk e pranoi kurr\u00eb pag\u00ebn tradicionale t\u00eb pap\u00ebs prej rreth 32,000 dollar\u00eb n\u00eb muaj, n\u00eb vend t\u00eb k\u00ebsaj t\u00eb dhuronte ose t\u00eb rip\u00ebrdorte \u00e7do t\u00eb ardhur personale. Vatikani m\u00eb von\u00eb konfirmoi se ai i kishte q\u00ebndruar besnik zotimit t\u00eb tij jezuit p\u00ebr varf\u00ebri gjat\u00eb gjith\u00eb jet\u00ebs s\u00eb tij.<\/p>\n\n\n\n<p>N\u00eb nj\u00eb testament shpirt\u00ebror t\u00eb l\u00ebshuar pas vdekjes, Papa Fran\u00e7esku k\u00ebrkoi nj\u00eb varrim t\u00eb thjesht\u00eb n\u00eb Bazilik\u00ebn e Sh\u00ebn Maris\u00eb Major n\u00eb Rom\u00eb, n\u00eb vend t\u00eb bazilik\u00ebs m\u00eb t\u00eb zakonshme t\u00eb Sh\u00ebn Pjetrit. Ai k\u00ebrkoi t\u00eb varrosej me emrin \u201cFrancis\u201d pa titull papal dhe k\u00ebrkoi q\u00eb nj\u00eb individ anonim t\u00eb p\u00ebrballonte koston e funeralit t\u00eb tij. Vullneti \u00ebsht\u00eb nj\u00eb pasqyrim i p\u00ebrkushtimit t\u00eb tij gjat\u00eb gjith\u00eb jet\u00ebs ndaj p\u00ebrul\u00ebsis\u00eb dhe sh\u00ebrbimit.<\/p>\n\n\n\n<p><em>\u201cFaleminderit q\u00eb m\u00eb ktheve n\u00eb shesh\u201d<\/em>, thuhet se ishin nd\u00ebr fjal\u00ebt e tij t\u00eb fundit p\u00ebr infermieren e tij personale, Massimiliano Streppetti, duke shprehur mir\u00ebnjohjen q\u00eb e ndihmove t\u00eb b\u00ebnte nj\u00eb dalje t\u00eb fundit publike para besimtar\u00ebve.<\/p>\n\n<div style=\"font-size: 0px; height: 0px; line-height: 0px; margin: 0; padding: 0; clear: both;\"><\/div>","protected":false},"excerpt":{"rendered":"<p>Marca, nj\u00eb botim spanjoll, vuri n\u00eb dukje se Papa Fran\u00e7esku nuk e pranoi kurr\u00eb pag\u00ebn tradicionale t\u00eb pap\u00ebs prej rreth 32,000 dollar\u00eb n\u00eb muaj, n\u00eb vend t\u00eb&#8230; <\/p>\n","protected":false},"author":1,"featured_media":0,"comment_status":"open","ping_status":"open","sticky":false,"template":"","format":"standard","meta":{"footnotes":""},"categories":[6],"tags":[],"class_list":["post-24250","post","type-post","status-publish","format-standard","hentry","category-lajme"],"_links":{"self":[{"href":"https:\/\/new.findnews5.com\/index.php?rest_route=\/wp\/v2\/posts\/24250","targetHints":{"allow":["GET"]}}],"collection":[{"href":"https:\/\/new.findnews5.com\/index.php?rest_route=\/wp\/v2\/posts"}],"about":[{"href":"https:\/\/new.findnews5.com\/index.php?rest_route=\/wp\/v2\/types\/post"}],"author":[{"embeddable":true,"href":"https:\/\/new.findnews5.com\/index.php?rest_route=\/wp\/v2\/users\/1"}],"replies":[{"embeddable":true,"href":"https:\/\/new.findnews5.com\/index.php?rest_route=%2Fwp%2Fv2%2Fcomments&post=24250"}],"version-history":[{"count":1,"href":"https:\/\/new.findnews5.com\/index.php?rest_route=\/wp\/v2\/posts\/24250\/revisions"}],"predecessor-version":[{"id":24253,"href":"https:\/\/new.findnews5.com\/index.php?rest_route=\/wp\/v2\/posts\/24250\/revisions\/24253"}],"wp:attachment":[{"href":"https:\/\/new.findnews5.com\/index.php?rest_route=%2Fwp%2Fv2%2Fmedia&parent=24250"}],"wp:term":[{"taxonomy":"category","embeddable":true,"href":"https:\/\/new.findnews5.com\/index.php?rest_route=%2Fwp%2Fv2%2Fcategories&post=24250"},{"taxonomy":"post_tag","embeddable":true,"href":"https:\/\/new.findnews5.com\/index.php?rest_route=%2Fwp%2Fv2%2Ftags&post=24250"}],"curies":[{"name":"wp","href":"https:\/\/api.w.org\/{rel}","templated":true}]}}