{"id":24216,"date":"2025-04-26T21:00:56","date_gmt":"2025-04-26T21:00:56","guid":{"rendered":"https:\/\/new.findnews5.com\/?p=24216"},"modified":"2025-04-26T21:01:00","modified_gmt":"2025-04-26T21:01:00","slug":"24216","status":"publish","type":"post","link":"https:\/\/new.findnews5.com\/?p=24216","title":{"rendered":""},"content":{"rendered":"<div class=\"78954ae5fa42b68c1393fe3da4998882\" data-index=\"1\" style=\"float: none; margin:0px 0 0px 0; text-align:center;\">\n<div data-type=\"_mgwidget\" data-widget-id=\"1576712\">\r\n<\/div>\r\n<script>(function(w,q){w[q]=w[q]||[];w[q].push([\"_mgc.load\"])})(window,\"_mgq\");\r\n<\/script>\r\n\n<\/div>\n\n<p>N\u00eb njoftimin e saj, Mikela tregoi se fatmir\u00ebsisht, ajo dhe vajza, e cila \u00ebsht\u00eb vet\u00ebm 5 muajshe, jan\u00eb n\u00eb gjendje t\u00eb mir\u00eb sh\u00ebndet\u00ebsore. Megjithat\u00eb, ajo nuk e fshehu frik\u00ebn e madhe q\u00eb p\u00ebrjetoi n\u00eb momentin e aksidentit, duke theksuar se m\u00eb shum\u00eb ishte trembur p\u00ebr sigurin\u00eb e vajz\u00ebs s\u00eb saj sesa p\u00ebr veten.<\/p>\n\n\n\n<p>\u201cK\u00ebt\u00eb jav\u00eb kam b\u00ebr\u00eb dy aksidente me makin\u00eb. Jam mir\u00eb, vajza \u00ebsht\u00eb mir\u00eb, por normalisht m\u00eb shum\u00eb jam frik\u00ebsuar p\u00ebr t\u00eb se p\u00ebr veten time,\u201d \u2013 shkruan Mikela.<\/p>\n\n\n\n<p>Ky episod i v\u00ebshtir\u00eb vjen n\u00eb nj\u00eb periudh\u00eb plot ndryshime p\u00ebr ish-konkurrenten e BBVIP. Pas daljes nga spektakli, Mikela \u00ebsht\u00eb fokusuar t\u00ebr\u00ebsisht te familja dhe roli i saj si n\u00ebn\u00eb. Ajo ka qen\u00eb m\u00eb e rezervuar koh\u00ebt e fundit n\u00eb daljet publike dhe aktivitetet mediatike, duke ndar\u00eb m\u00eb shum\u00eb momente private n\u00eb Instagram dhe duke treguar nj\u00eb an\u00eb m\u00eb t\u00eb ndjeshme dhe t\u00eb p\u00ebrkushtuar ndaj jet\u00ebs familjare.<\/p>\n\n\n\n<p>S\u00eb fundmi, Mikela ka vijuar t\u00eb mbaj\u00eb kontakte t\u00eb ngushta me fansat e saj n\u00eb rrjete sociale, ku shpesh ndan reflektime personale mbi sfidat e m\u00ebm\u00ebsis\u00eb dhe jet\u00ebs pas spektaklit. Ajo ka premtuar se n\u00eb muajt n\u00eb vijim do t\u00eb rikthehet m\u00eb aktive edhe n\u00eb projekte t\u00eb reja, duke l\u00ebn\u00eb t\u00eb kuptohet se mund t\u00eb ket\u00eb surpriza n\u00eb karrier\u00ebn e saj si moderatore dhe figur\u00eb publike.<\/p>\n\n\n\n<p>Ky incident tregon edhe nj\u00eb her\u00eb an\u00ebn e brisht\u00eb t\u00eb jet\u00ebs s\u00eb personazheve publik\u00eb, t\u00eb cil\u00ebt p\u00ebrve\u00e7 fam\u00ebs, p\u00ebrballen \u00e7do dit\u00eb me sfida reale q\u00eb prekin direkt familjet dhe sh\u00ebndetin e tyre.<\/p>\n\n\n\n<p>Publiku dhe ndjek\u00ebsit i kan\u00eb d\u00ebrguar Mikel\u00ebs dhjet\u00ebra mesazhe mb\u00ebshtetjeje dhe urimesh p\u00ebr sh\u00ebndetin e saj dhe t\u00eb vog\u00eblushes.<img loading=\"lazy\" decoding=\"async\" src=\"https:\/\/petravu.com\/wp-content\/uploads\/2025\/04\/image-35-194x300.png\" alt=\"\" width=\"194\" height=\"300\" srcset=\"https:\/\/petravu.com\/wp-content\/uploads\/2025\/04\/image-35-194x300.png 194w, https:\/\/petravu.com\/wp-content\/uploads\/2025\/04\/image-35.png 485w\"><\/p>\n\n<div style=\"font-size: 0px; height: 0px; line-height: 0px; margin: 0; padding: 0; clear: both;\"><\/div>","protected":false},"excerpt":{"rendered":"<p>N\u00eb njoftimin e saj, Mikela tregoi se fatmir\u00ebsisht, ajo dhe vajza, e cila \u00ebsht\u00eb vet\u00ebm 5 muajshe, jan\u00eb n\u00eb gjendje t\u00eb mir\u00eb sh\u00ebndet\u00ebsore. Megjithat\u00eb, ajo nuk e&#8230; <\/p>\n","protected":false},"author":1,"featured_media":0,"comment_status":"open","ping_status":"open","sticky":false,"template":"","format":"standard","meta":{"footnotes":""},"categories":[6],"tags":[],"class_list":["post-24216","post","type-post","status-publish","format-standard","hentry","category-lajme"],"_links":{"self":[{"href":"https:\/\/new.findnews5.com\/index.php?rest_route=\/wp\/v2\/posts\/24216","targetHints":{"allow":["GET"]}}],"collection":[{"href":"https:\/\/new.findnews5.com\/index.php?rest_route=\/wp\/v2\/posts"}],"about":[{"href":"https:\/\/new.findnews5.com\/index.php?rest_route=\/wp\/v2\/types\/post"}],"author":[{"embeddable":true,"href":"https:\/\/new.findnews5.com\/index.php?rest_route=\/wp\/v2\/users\/1"}],"replies":[{"embeddable":true,"href":"https:\/\/new.findnews5.com\/index.php?rest_route=%2Fwp%2Fv2%2Fcomments&post=24216"}],"version-history":[{"count":1,"href":"https:\/\/new.findnews5.com\/index.php?rest_route=\/wp\/v2\/posts\/24216\/revisions"}],"predecessor-version":[{"id":24220,"href":"https:\/\/new.findnews5.com\/index.php?rest_route=\/wp\/v2\/posts\/24216\/revisions\/24220"}],"wp:attachment":[{"href":"https:\/\/new.findnews5.com\/index.php?rest_route=%2Fwp%2Fv2%2Fmedia&parent=24216"}],"wp:term":[{"taxonomy":"category","embeddable":true,"href":"https:\/\/new.findnews5.com\/index.php?rest_route=%2Fwp%2Fv2%2Fcategories&post=24216"},{"taxonomy":"post_tag","embeddable":true,"href":"https:\/\/new.findnews5.com\/index.php?rest_route=%2Fwp%2Fv2%2Ftags&post=24216"}],"curies":[{"name":"wp","href":"https:\/\/api.w.org\/{rel}","templated":true}]}}