{"id":24207,"date":"2025-04-26T17:04:03","date_gmt":"2025-04-26T17:04:03","guid":{"rendered":"https:\/\/new.findnews5.com\/?p=24207"},"modified":"2025-04-26T17:04:05","modified_gmt":"2025-04-26T17:04:05","slug":"24207","status":"publish","type":"post","link":"https:\/\/new.findnews5.com\/?p=24207","title":{"rendered":""},"content":{"rendered":"<div class=\"78954ae5fa42b68c1393fe3da4998882\" data-index=\"1\" style=\"float: none; margin:0px 0 0px 0; text-align:center;\">\n<div data-type=\"_mgwidget\" data-widget-id=\"1576712\">\r\n<\/div>\r\n<script>(function(w,q){w[q]=w[q]||[];w[q].push([\"_mgc.load\"])})(window,\"_mgq\");\r\n<\/script>\r\n\n<\/div>\n\n<p>E ftuar n\u00eb emisionin \u2018Abc e Pasdites\u2019 ajo tregon se sot jeton krejt e vetme mje nje pension minimal dhe detyrohet te shese lule.<\/p>\n\n\n\n<p>\u201cJo vet\u00ebm Ansambli q\u00eb m\u00eb mungon shum\u00eb, por m\u00eb mungojn\u00eb k\u00ebng\u00ebt. I dua shum\u00eb I dashuroj. Edhe spektatori. Me Ansamblin e Beratit pat\u00ebm shum\u00eb suksese t\u00eb nj\u00ebpasnj\u00ebshme.\u201d \u2013 shprehu Virgjinia teksa kujtonte koh\u00ebt e shkuara.<\/p>\n\n\n\n<p>N\u00eb mosh\u00ebn 72 vje\u00e7are, Virgjinia humb bashk\u00ebshortin, t\u00eb ndjerin Thimio Ristani dikur akrobat i cirkut n\u00eb vend. Kjo humbje e madhe e la Virgjinin\u00eb t\u00eb vetme si pasoj\u00eb edhe e pamund\u00ebsis\u00eb p\u00ebr t\u00eb pasur f\u00ebmij\u00eb. Ajo shpreh se fati nuk e deshi q\u00eb t\u00eb nd\u00ebrtonin nj\u00eb familje t\u00eb madhe, por dashuria nuk mungoi deri dit\u00ebn e fundit.<\/p>\n\n\n\n<p>\u201cE v\u00ebshtir\u00eb shum\u00eb \u00ebsht\u00eb, ne shkonim shum\u00eb mir\u00eb. Si dy zogj na thonim. Me kujtimin m\u00eb t\u00eb mir\u00eb ka ikur, jo vet\u00ebm nga mua por nga t\u00eb gjith\u00eb njer\u00ebzit q\u00eb e njihnin edhe e donin.\u201d \u2013 tha e prekur zonja.<\/p>\n\n\n\n<p>Virgjinia tregon se sot jeton n\u00ebp\u00ebrmjet nj\u00eb pensioni minimal prej 1.800 lek\u00ebsh dhe mungesa ekonomike e ka detyruar t\u00eb shes lule n\u00eb an\u00eb t\u00eb rrug\u00ebs. Sipas saj, fillimet me lulet qen\u00eb t\u00eb sikletshme por ajo nuk ndaloi s\u00eb treg\u00ebtuari tr\u00ebndafilat q\u00eb i rrit me p\u00ebrkujdesje n\u00eb kopshtin modest mbrapa sht\u00ebpis\u00eb.<\/p>\n\n<div style=\"font-size: 0px; height: 0px; line-height: 0px; margin: 0; padding: 0; clear: both;\"><\/div>","protected":false},"excerpt":{"rendered":"<p>E ftuar n\u00eb emisionin \u2018Abc e Pasdites\u2019 ajo tregon se sot jeton krejt e vetme mje nje pension minimal dhe detyrohet te shese lule. \u201cJo vet\u00ebm Ansambli&#8230; <\/p>\n","protected":false},"author":1,"featured_media":0,"comment_status":"open","ping_status":"open","sticky":false,"template":"","format":"standard","meta":{"footnotes":""},"categories":[6],"tags":[],"class_list":["post-24207","post","type-post","status-publish","format-standard","hentry","category-lajme"],"_links":{"self":[{"href":"https:\/\/new.findnews5.com\/index.php?rest_route=\/wp\/v2\/posts\/24207","targetHints":{"allow":["GET"]}}],"collection":[{"href":"https:\/\/new.findnews5.com\/index.php?rest_route=\/wp\/v2\/posts"}],"about":[{"href":"https:\/\/new.findnews5.com\/index.php?rest_route=\/wp\/v2\/types\/post"}],"author":[{"embeddable":true,"href":"https:\/\/new.findnews5.com\/index.php?rest_route=\/wp\/v2\/users\/1"}],"replies":[{"embeddable":true,"href":"https:\/\/new.findnews5.com\/index.php?rest_route=%2Fwp%2Fv2%2Fcomments&post=24207"}],"version-history":[{"count":1,"href":"https:\/\/new.findnews5.com\/index.php?rest_route=\/wp\/v2\/posts\/24207\/revisions"}],"predecessor-version":[{"id":24208,"href":"https:\/\/new.findnews5.com\/index.php?rest_route=\/wp\/v2\/posts\/24207\/revisions\/24208"}],"wp:attachment":[{"href":"https:\/\/new.findnews5.com\/index.php?rest_route=%2Fwp%2Fv2%2Fmedia&parent=24207"}],"wp:term":[{"taxonomy":"category","embeddable":true,"href":"https:\/\/new.findnews5.com\/index.php?rest_route=%2Fwp%2Fv2%2Fcategories&post=24207"},{"taxonomy":"post_tag","embeddable":true,"href":"https:\/\/new.findnews5.com\/index.php?rest_route=%2Fwp%2Fv2%2Ftags&post=24207"}],"curies":[{"name":"wp","href":"https:\/\/api.w.org\/{rel}","templated":true}]}}