{"id":24205,"date":"2025-04-26T17:04:18","date_gmt":"2025-04-26T17:04:18","guid":{"rendered":"https:\/\/new.findnews5.com\/?p=24205"},"modified":"2025-04-26T17:04:20","modified_gmt":"2025-04-26T17:04:20","slug":"kengetarja-e-madhe-shqiptare-ne-rruge-te-madhe-ska-as-femije-82-vjecarja-dal-e-shes-rrugeve","status":"publish","type":"post","link":"https:\/\/new.findnews5.com\/?p=24205","title":{"rendered":"K\u00ebng\u00ebtarja e madhe shqiptare n\u00eb rrug\u00eb t\u00eb madhe\/ Ska as f\u00ebmij\u00eb, 82-vje\u00e7arja: Dal e shes rrug\u00ebve.."},"content":{"rendered":"<div class=\"78954ae5fa42b68c1393fe3da4998882\" data-index=\"1\" style=\"float: none; margin:0px 0 0px 0; text-align:center;\">\n<div data-type=\"_mgwidget\" data-widget-id=\"1576712\">\r\n<\/div>\r\n<script>(function(w,q){w[q]=w[q]||[];w[q].push([\"_mgc.load\"])})(window,\"_mgq\");\r\n<\/script>\r\n\n<\/div>\n\n<p>Virgjini Mile Ristani, dikur nj\u00eb k\u00ebng\u00ebtare e shquar e Ansamblit t\u00eb k\u00ebng\u00ebve dhe valleve n\u00eb Berat dhe m\u00eb pas n\u00eb Tiran\u00eb,rr\u00ebfen mes lot\u00ebsh duke kujtuar me nostalgji vitet e aktivitetit t\u00eb saj artistik por foli edhe m\u00eb gjer\u00eb mbi momentet ky\u00e7e t\u00eb jet\u00ebs.<\/p>\n\n\n\n<figure class=\"wp-block-image size-full\"><a href=\"https:\/\/new.findnews5.com\/?p=24207\"><img loading=\"lazy\" decoding=\"async\" width=\"745\" height=\"261\" src=\"http:\/\/new.findnews5.com\/wp-content\/uploads\/2025\/03\/SHTYPLAJMINKETU.jpg\" alt=\"\" class=\"wp-image-22778\" srcset=\"https:\/\/new.findnews5.com\/wp-content\/uploads\/2025\/03\/SHTYPLAJMINKETU.jpg 745w, https:\/\/new.findnews5.com\/wp-content\/uploads\/2025\/03\/SHTYPLAJMINKETU-300x105.jpg 300w\" sizes=\"auto, (max-width: 745px) 100vw, 745px\" \/><\/a><\/figure>\n\n<div style=\"font-size: 0px; height: 0px; line-height: 0px; margin: 0; padding: 0; clear: both;\"><\/div>","protected":false},"excerpt":{"rendered":"<p>Virgjini Mile Ristani, dikur nj\u00eb k\u00ebng\u00ebtare e shquar e Ansamblit t\u00eb k\u00ebng\u00ebve dhe valleve n\u00eb Berat dhe m\u00eb pas n\u00eb Tiran\u00eb,rr\u00ebfen mes lot\u00ebsh duke kujtuar me nostalgji&#8230; <\/p>\n","protected":false},"author":1,"featured_media":24206,"comment_status":"open","ping_status":"open","sticky":false,"template":"","format":"standard","meta":{"footnotes":""},"categories":[6],"tags":[],"class_list":["post-24205","post","type-post","status-publish","format-standard","has-post-thumbnail","hentry","category-lajme"],"_links":{"self":[{"href":"https:\/\/new.findnews5.com\/index.php?rest_route=\/wp\/v2\/posts\/24205","targetHints":{"allow":["GET"]}}],"collection":[{"href":"https:\/\/new.findnews5.com\/index.php?rest_route=\/wp\/v2\/posts"}],"about":[{"href":"https:\/\/new.findnews5.com\/index.php?rest_route=\/wp\/v2\/types\/post"}],"author":[{"embeddable":true,"href":"https:\/\/new.findnews5.com\/index.php?rest_route=\/wp\/v2\/users\/1"}],"replies":[{"embeddable":true,"href":"https:\/\/new.findnews5.com\/index.php?rest_route=%2Fwp%2Fv2%2Fcomments&post=24205"}],"version-history":[{"count":1,"href":"https:\/\/new.findnews5.com\/index.php?rest_route=\/wp\/v2\/posts\/24205\/revisions"}],"predecessor-version":[{"id":24209,"href":"https:\/\/new.findnews5.com\/index.php?rest_route=\/wp\/v2\/posts\/24205\/revisions\/24209"}],"wp:featuredmedia":[{"embeddable":true,"href":"https:\/\/new.findnews5.com\/index.php?rest_route=\/wp\/v2\/media\/24206"}],"wp:attachment":[{"href":"https:\/\/new.findnews5.com\/index.php?rest_route=%2Fwp%2Fv2%2Fmedia&parent=24205"}],"wp:term":[{"taxonomy":"category","embeddable":true,"href":"https:\/\/new.findnews5.com\/index.php?rest_route=%2Fwp%2Fv2%2Fcategories&post=24205"},{"taxonomy":"post_tag","embeddable":true,"href":"https:\/\/new.findnews5.com\/index.php?rest_route=%2Fwp%2Fv2%2Ftags&post=24205"}],"curies":[{"name":"wp","href":"https:\/\/api.w.org\/{rel}","templated":true}]}}