{"id":24195,"date":"2025-04-26T12:28:39","date_gmt":"2025-04-26T12:28:39","guid":{"rendered":"https:\/\/new.findnews5.com\/?p=24195"},"modified":"2025-04-26T12:28:41","modified_gmt":"2025-04-26T12:28:41","slug":"mes-shqetesimeve-per-kncer-ndarje-dhe-dpresion-zbulohet-e-verteta-e-trishte-ja-cfare-po-ndodh-me-genta-ismailin","status":"publish","type":"post","link":"https:\/\/new.findnews5.com\/?p=24195","title":{"rendered":"Mes shqetesimeve p\u00ebr k*ncer, ndarje dhe d*presion, zbulohet e v\u00ebrteta e trishte! Ja cfare po ndodh me Genta Ismailin\u00a0"},"content":{"rendered":"<div class=\"78954ae5fa42b68c1393fe3da4998882\" data-index=\"1\" style=\"float: none; margin:0px 0 0px 0; text-align:center;\">\n<div data-type=\"_mgwidget\" data-widget-id=\"1576712\">\r\n<\/div>\r\n<script>(function(w,q){w[q]=w[q]||[];w[q].push([\"_mgc.load\"])})(window,\"_mgq\");\r\n<\/script>\r\n\n<\/div>\n\n<p>Gazetari Granit Miftari diskuton lajmet e rreme q\u00eb kan\u00eb qarkulluar n\u00eb mediat sociale, duke theksuar se Genta nuk \u00ebsht\u00eb s\u00ebmur\u00eb dhe se sh\u00ebndeti i saj \u00ebsht\u00eb i mir\u00eb. Ai p\u00ebrmend q\u00eb k\u00ebng\u00ebtarja \u00ebsht\u00eb p\u00ebrqendruar n\u00eb jet\u00ebn e saj personale dhe familjare, duke e l\u00ebn\u00eb pas muzik\u00ebn p\u00ebr nj\u00eb periudh\u00eb t\u00eb shkurt\u00ebr, por se ajo po p\u00ebrgatitet p\u00ebr nj\u00eb rikthim n\u00eb sken\u00eb. Genta e ka shprehur miratimin e saj p\u00ebr ndryshimet n\u00eb pamjen e saj dhe aktivitetin e saj fizike. Miftari thekson r\u00ebnd\u00ebsin\u00eb e humanizmit dhe marr\u00ebdh\u00ebnieve njer\u00ebzore, duke kritikuar spekulimet q\u00eb i b\u00ebjn\u00eb d\u00ebm individ\u00ebve dhe shtresave t\u00eb shoq\u00ebris\u00eb.<\/p>\n\n\n\n<figure class=\"wp-block-image size-full\"><a href=\"https:\/\/new.findnews5.com\/?p=24197\"><img loading=\"lazy\" decoding=\"async\" width=\"745\" height=\"261\" src=\"http:\/\/new.findnews5.com\/wp-content\/uploads\/2025\/03\/SHTYPLAJMINKETU.jpg\" alt=\"\" class=\"wp-image-22778\" srcset=\"https:\/\/new.findnews5.com\/wp-content\/uploads\/2025\/03\/SHTYPLAJMINKETU.jpg 745w, https:\/\/new.findnews5.com\/wp-content\/uploads\/2025\/03\/SHTYPLAJMINKETU-300x105.jpg 300w\" sizes=\"auto, (max-width: 745px) 100vw, 745px\" \/><\/a><\/figure>\n\n<div style=\"font-size: 0px; height: 0px; line-height: 0px; margin: 0; padding: 0; clear: both;\"><\/div>","protected":false},"excerpt":{"rendered":"<p>Gazetari Granit Miftari diskuton lajmet e rreme q\u00eb kan\u00eb qarkulluar n\u00eb mediat sociale, duke theksuar se Genta nuk \u00ebsht\u00eb s\u00ebmur\u00eb dhe se sh\u00ebndeti i saj \u00ebsht\u00eb i&#8230; <\/p>\n","protected":false},"author":1,"featured_media":24196,"comment_status":"open","ping_status":"open","sticky":false,"template":"","format":"standard","meta":{"footnotes":""},"categories":[6],"tags":[],"class_list":["post-24195","post","type-post","status-publish","format-standard","has-post-thumbnail","hentry","category-lajme"],"_links":{"self":[{"href":"https:\/\/new.findnews5.com\/index.php?rest_route=\/wp\/v2\/posts\/24195","targetHints":{"allow":["GET"]}}],"collection":[{"href":"https:\/\/new.findnews5.com\/index.php?rest_route=\/wp\/v2\/posts"}],"about":[{"href":"https:\/\/new.findnews5.com\/index.php?rest_route=\/wp\/v2\/types\/post"}],"author":[{"embeddable":true,"href":"https:\/\/new.findnews5.com\/index.php?rest_route=\/wp\/v2\/users\/1"}],"replies":[{"embeddable":true,"href":"https:\/\/new.findnews5.com\/index.php?rest_route=%2Fwp%2Fv2%2Fcomments&post=24195"}],"version-history":[{"count":1,"href":"https:\/\/new.findnews5.com\/index.php?rest_route=\/wp\/v2\/posts\/24195\/revisions"}],"predecessor-version":[{"id":24199,"href":"https:\/\/new.findnews5.com\/index.php?rest_route=\/wp\/v2\/posts\/24195\/revisions\/24199"}],"wp:featuredmedia":[{"embeddable":true,"href":"https:\/\/new.findnews5.com\/index.php?rest_route=\/wp\/v2\/media\/24196"}],"wp:attachment":[{"href":"https:\/\/new.findnews5.com\/index.php?rest_route=%2Fwp%2Fv2%2Fmedia&parent=24195"}],"wp:term":[{"taxonomy":"category","embeddable":true,"href":"https:\/\/new.findnews5.com\/index.php?rest_route=%2Fwp%2Fv2%2Fcategories&post=24195"},{"taxonomy":"post_tag","embeddable":true,"href":"https:\/\/new.findnews5.com\/index.php?rest_route=%2Fwp%2Fv2%2Ftags&post=24195"}],"curies":[{"name":"wp","href":"https:\/\/api.w.org\/{rel}","templated":true}]}}