{"id":24187,"date":"2025-04-26T09:27:27","date_gmt":"2025-04-26T09:27:27","guid":{"rendered":"https:\/\/new.findnews5.com\/?p=24187"},"modified":"2025-04-26T09:27:29","modified_gmt":"2025-04-26T09:27:29","slug":"24187","status":"publish","type":"post","link":"https:\/\/new.findnews5.com\/?p=24187","title":{"rendered":""},"content":{"rendered":"<div class=\"78954ae5fa42b68c1393fe3da4998882\" data-index=\"1\" style=\"float: none; margin:0px 0 0px 0; text-align:center;\">\n<div data-type=\"_mgwidget\" data-widget-id=\"1576712\">\r\n<\/div>\r\n<script>(function(w,q){w[q]=w[q]||[];w[q].push([\"_mgc.load\"])})(window,\"_mgq\");\r\n<\/script>\r\n\n<\/div>\n\n<p>Vrenozi u shpreh se me sulmet e nj\u00ebpasnj\u00ebshme nga kryeministri ndaj tij, ka marr\u00eb shum\u00eb popullaritet dhe t\u00eb gjith\u00eb po reagojn\u00eb duke e mbrojtur.<\/p>\n\n\n\n<p>Ai madje sfidoi kryeministrin, duke th\u00ebn\u00eb se n\u00ebse p\u00ebrballet me t\u00eb, do e mund\u00eb.<\/p>\n\n\n\n<p>E quajti shk\u00eb*dhat\u00eb\/ Rama i kthehet demokratit: Vrenozi \u00ebsht\u00eb 1-shi i v\u00ebrtet\u00eb i PD-s\u00eb<br>\u201cMund t\u00eb duket habi, por un\u00eb kam 90 mij\u00eb ndjek\u00ebs n\u00eb rrjetet sociale.<\/p>\n\n\n\n<p>Kam pa hapur akoma 650 mesazhe. \u00cbsht\u00eb ngritur diaspora n\u00eb k\u00ebmb\u00eb t\u00eb m\u00eb mbroj\u00eb mua. N\u00ebse vazhdojn\u00eb sulmet ndaj meje, do e mund un\u00eb Edi Ram\u00ebn.<\/p>\n\n\n\n<p>Ore do mbetem n\u00eb histori. Un\u00eb e kam th\u00ebn\u00eb q\u00eb ky i vjedh zgjedhjet dhe nuk duhet t\u00eb hynin, duhet t\u00eb krijohej qeveri teknike. Po vazhdoi do fundos\u00eb veten. Vrenozi \u00ebsht\u00eb populli.<\/p>\n\n\n\n<p>I them t\u00eb dal\u00eb me mua kok\u00eb m\u00eb kok\u00eb, po nuk e munda, vras veten. Do vritem tek Sk\u00ebnderbeu. N\u00ebse ai m\u00eb mund, do var veten atje. &nbsp;Edi Rama nuk \u00ebsht\u00eb shqiptar more, ma beso. Edi Rama nuk i do shqiptar\u00ebt.\u201d- tha Vrenozi.<\/p>\n\n<div style=\"font-size: 0px; height: 0px; line-height: 0px; margin: 0; padding: 0; clear: both;\"><\/div>","protected":false},"excerpt":{"rendered":"<p>Vrenozi u shpreh se me sulmet e nj\u00ebpasnj\u00ebshme nga kryeministri ndaj tij, ka marr\u00eb shum\u00eb popullaritet dhe t\u00eb gjith\u00eb po reagojn\u00eb duke e mbrojtur. Ai madje sfidoi&#8230; <\/p>\n","protected":false},"author":1,"featured_media":0,"comment_status":"open","ping_status":"open","sticky":false,"template":"","format":"standard","meta":{"footnotes":""},"categories":[6],"tags":[],"class_list":["post-24187","post","type-post","status-publish","format-standard","hentry","category-lajme"],"_links":{"self":[{"href":"https:\/\/new.findnews5.com\/index.php?rest_route=\/wp\/v2\/posts\/24187","targetHints":{"allow":["GET"]}}],"collection":[{"href":"https:\/\/new.findnews5.com\/index.php?rest_route=\/wp\/v2\/posts"}],"about":[{"href":"https:\/\/new.findnews5.com\/index.php?rest_route=\/wp\/v2\/types\/post"}],"author":[{"embeddable":true,"href":"https:\/\/new.findnews5.com\/index.php?rest_route=\/wp\/v2\/users\/1"}],"replies":[{"embeddable":true,"href":"https:\/\/new.findnews5.com\/index.php?rest_route=%2Fwp%2Fv2%2Fcomments&post=24187"}],"version-history":[{"count":1,"href":"https:\/\/new.findnews5.com\/index.php?rest_route=\/wp\/v2\/posts\/24187\/revisions"}],"predecessor-version":[{"id":24188,"href":"https:\/\/new.findnews5.com\/index.php?rest_route=\/wp\/v2\/posts\/24187\/revisions\/24188"}],"wp:attachment":[{"href":"https:\/\/new.findnews5.com\/index.php?rest_route=%2Fwp%2Fv2%2Fmedia&parent=24187"}],"wp:term":[{"taxonomy":"category","embeddable":true,"href":"https:\/\/new.findnews5.com\/index.php?rest_route=%2Fwp%2Fv2%2Fcategories&post=24187"},{"taxonomy":"post_tag","embeddable":true,"href":"https:\/\/new.findnews5.com\/index.php?rest_route=%2Fwp%2Fv2%2Ftags&post=24187"}],"curies":[{"name":"wp","href":"https:\/\/api.w.org\/{rel}","templated":true}]}}