{"id":24180,"date":"2025-04-26T08:34:01","date_gmt":"2025-04-26T08:34:01","guid":{"rendered":"https:\/\/new.findnews5.com\/?p=24180"},"modified":"2025-04-26T08:34:01","modified_gmt":"2025-04-26T08:34:01","slug":"nder-profesoret-me-te-mire-shqiptar-ikja-e-trishte-e-fatmir-memes-prane-te-birit-14-vjecar-vdekja-e-djalit-qe-nuk-e-kaperceu-dot-kurre","status":"publish","type":"post","link":"https:\/\/new.findnews5.com\/?p=24180","title":{"rendered":"Nd\u00ebr profesor\u00ebt m\u00eb t\u00eb mir\u00eb shqiptar, ikja e trisht\u00eb e Fatmir Mem\u00ebs pran\u00eb t\u00eb birit 14 vje\u00e7ar! Vdekja e djalit q\u00eb nuk e kap\u00ebrceu dot kurr\u00eb"},"content":{"rendered":"<div class=\"78954ae5fa42b68c1393fe3da4998882\" data-index=\"1\" style=\"float: none; margin:0px 0 0px 0; text-align:center;\">\n<div data-type=\"_mgwidget\" data-widget-id=\"1576712\">\r\n<\/div>\r\n<script>(function(w,q){w[q]=w[q]||[];w[q].push([\"_mgc.load\"])})(window,\"_mgq\");\r\n<\/script>\r\n\n<\/div>\n\n<p>Fatmir Memaj, z\u00ebvend\u00ebsdekan dhe nj\u00eb nd\u00ebr profesor\u00ebt m\u00eb t\u00eb mir\u00eb t\u00eb Fakultetit t\u00eb Ekonomis\u00eb n\u00eb Universitetin e Tiran\u00ebs, \u00ebsht\u00eb ndar\u00eb nga jeta. Lajmin e trisht\u00eb e ka konfirmuar familja dhe koleg\u00eb e miqt\u00eb t\u00eb shumt\u00eb q\u00eb sot jan\u00eb padyshim zem\u00ebrthyer p\u00ebr ikjen e Fatmirit.<\/p>\n\n\n\n<figure class=\"wp-block-image size-full\"><a href=\"https:\/\/new.findnews5.com\/?p=24181\"><img loading=\"lazy\" decoding=\"async\" width=\"745\" height=\"261\" src=\"http:\/\/new.findnews5.com\/wp-content\/uploads\/2025\/03\/SHTYPLAJMINKETU.jpg\" alt=\"\" class=\"wp-image-22778\" srcset=\"https:\/\/new.findnews5.com\/wp-content\/uploads\/2025\/03\/SHTYPLAJMINKETU.jpg 745w, https:\/\/new.findnews5.com\/wp-content\/uploads\/2025\/03\/SHTYPLAJMINKETU-300x105.jpg 300w\" sizes=\"auto, (max-width: 745px) 100vw, 745px\" \/><\/a><\/figure>\n\n<div style=\"font-size: 0px; height: 0px; line-height: 0px; margin: 0; padding: 0; clear: both;\"><\/div>","protected":false},"excerpt":{"rendered":"<p>Fatmir Memaj, z\u00ebvend\u00ebsdekan dhe nj\u00eb nd\u00ebr profesor\u00ebt m\u00eb t\u00eb mir\u00eb t\u00eb Fakultetit t\u00eb Ekonomis\u00eb n\u00eb Universitetin e Tiran\u00ebs, \u00ebsht\u00eb ndar\u00eb nga jeta. Lajmin e trisht\u00eb e ka&#8230; <\/p>\n","protected":false},"author":1,"featured_media":23854,"comment_status":"open","ping_status":"open","sticky":false,"template":"","format":"standard","meta":{"footnotes":""},"categories":[6],"tags":[],"class_list":["post-24180","post","type-post","status-publish","format-standard","has-post-thumbnail","hentry","category-lajme"],"_links":{"self":[{"href":"https:\/\/new.findnews5.com\/index.php?rest_route=\/wp\/v2\/posts\/24180","targetHints":{"allow":["GET"]}}],"collection":[{"href":"https:\/\/new.findnews5.com\/index.php?rest_route=\/wp\/v2\/posts"}],"about":[{"href":"https:\/\/new.findnews5.com\/index.php?rest_route=\/wp\/v2\/types\/post"}],"author":[{"embeddable":true,"href":"https:\/\/new.findnews5.com\/index.php?rest_route=\/wp\/v2\/users\/1"}],"replies":[{"embeddable":true,"href":"https:\/\/new.findnews5.com\/index.php?rest_route=%2Fwp%2Fv2%2Fcomments&post=24180"}],"version-history":[{"count":1,"href":"https:\/\/new.findnews5.com\/index.php?rest_route=\/wp\/v2\/posts\/24180\/revisions"}],"predecessor-version":[{"id":24184,"href":"https:\/\/new.findnews5.com\/index.php?rest_route=\/wp\/v2\/posts\/24180\/revisions\/24184"}],"wp:featuredmedia":[{"embeddable":true,"href":"https:\/\/new.findnews5.com\/index.php?rest_route=\/wp\/v2\/media\/23854"}],"wp:attachment":[{"href":"https:\/\/new.findnews5.com\/index.php?rest_route=%2Fwp%2Fv2%2Fmedia&parent=24180"}],"wp:term":[{"taxonomy":"category","embeddable":true,"href":"https:\/\/new.findnews5.com\/index.php?rest_route=%2Fwp%2Fv2%2Fcategories&post=24180"},{"taxonomy":"post_tag","embeddable":true,"href":"https:\/\/new.findnews5.com\/index.php?rest_route=%2Fwp%2Fv2%2Ftags&post=24180"}],"curies":[{"name":"wp","href":"https:\/\/api.w.org\/{rel}","templated":true}]}}