{"id":24174,"date":"2025-04-25T20:45:04","date_gmt":"2025-04-25T20:45:04","guid":{"rendered":"https:\/\/new.findnews5.com\/?p=24174"},"modified":"2025-04-25T20:45:09","modified_gmt":"2025-04-25T20:45:09","slug":"e-mban-larg-mediave-por-pa-te-ska-jete-do-habiteni-se-cfare-pune-ben-gruaja-e-arditit","status":"publish","type":"post","link":"https:\/\/new.findnews5.com\/?p=24174","title":{"rendered":"E mban larg mediave, por pa te ska jete! Do habiteni se cfare pune ben gruaja e Arditit"},"content":{"rendered":"<div class=\"78954ae5fa42b68c1393fe3da4998882\" data-index=\"1\" style=\"float: none; margin:0px 0 0px 0; text-align:center;\">\n<div data-type=\"_mgwidget\" data-widget-id=\"1576712\">\r\n<\/div>\r\n<script>(function(w,q){w[q]=w[q]||[];w[q].push([\"_mgc.load\"])})(window,\"_mgq\");\r\n<\/script>\r\n\n<\/div>\n\n<p>Ata q\u00eb kan\u00eb pasur t\u00eb pakt\u00ebn nj\u00eb kontakt, e din\u00eb mir\u00eb q\u00eb Anila Beko, apo si\u00e7 t\u00eb gjith\u00eb e njohim, bashk\u00ebshortja e Ardit Gjebreas, t\u00eb b\u00ebn menj\u00ebher\u00eb p\u00ebr vete. E sjellshme, dashamir\u00ebse, e \u00e7ilt\u00ebr dhe plot pozitivitet, Anila \u00ebsht\u00eb nd\u00ebr t\u00eb pakt\u00ebt njer\u00ebz q\u00eb t\u00eb mbushin me shpres\u00eb me besim dhe t\u00eb b\u00ebjn\u00eb t\u00eb mendosh se bota \u00ebsht\u00eb e bukur.<\/p>\n\n\n\n<figure class=\"wp-block-image size-full\"><a href=\"https:\/\/new.findnews5.com\/?p=24176\"><img loading=\"lazy\" decoding=\"async\" width=\"745\" height=\"261\" src=\"http:\/\/new.findnews5.com\/wp-content\/uploads\/2025\/03\/SHTYPLAJMINKETU.jpg\" alt=\"\" class=\"wp-image-22778\" srcset=\"https:\/\/new.findnews5.com\/wp-content\/uploads\/2025\/03\/SHTYPLAJMINKETU.jpg 745w, https:\/\/new.findnews5.com\/wp-content\/uploads\/2025\/03\/SHTYPLAJMINKETU-300x105.jpg 300w\" sizes=\"auto, (max-width: 745px) 100vw, 745px\" \/><\/a><\/figure>\n\n<div style=\"font-size: 0px; height: 0px; line-height: 0px; margin: 0; padding: 0; clear: both;\"><\/div>","protected":false},"excerpt":{"rendered":"<p>Ata q\u00eb kan\u00eb pasur t\u00eb pakt\u00ebn nj\u00eb kontakt, e din\u00eb mir\u00eb q\u00eb Anila Beko, apo si\u00e7 t\u00eb gjith\u00eb e njohim, bashk\u00ebshortja e Ardit Gjebreas, t\u00eb b\u00ebn menj\u00ebher\u00eb&#8230; <\/p>\n","protected":false},"author":1,"featured_media":24175,"comment_status":"open","ping_status":"open","sticky":false,"template":"","format":"standard","meta":{"footnotes":""},"categories":[6],"tags":[],"class_list":["post-24174","post","type-post","status-publish","format-standard","has-post-thumbnail","hentry","category-lajme"],"_links":{"self":[{"href":"https:\/\/new.findnews5.com\/index.php?rest_route=\/wp\/v2\/posts\/24174","targetHints":{"allow":["GET"]}}],"collection":[{"href":"https:\/\/new.findnews5.com\/index.php?rest_route=\/wp\/v2\/posts"}],"about":[{"href":"https:\/\/new.findnews5.com\/index.php?rest_route=\/wp\/v2\/types\/post"}],"author":[{"embeddable":true,"href":"https:\/\/new.findnews5.com\/index.php?rest_route=\/wp\/v2\/users\/1"}],"replies":[{"embeddable":true,"href":"https:\/\/new.findnews5.com\/index.php?rest_route=%2Fwp%2Fv2%2Fcomments&post=24174"}],"version-history":[{"count":1,"href":"https:\/\/new.findnews5.com\/index.php?rest_route=\/wp\/v2\/posts\/24174\/revisions"}],"predecessor-version":[{"id":24179,"href":"https:\/\/new.findnews5.com\/index.php?rest_route=\/wp\/v2\/posts\/24174\/revisions\/24179"}],"wp:featuredmedia":[{"embeddable":true,"href":"https:\/\/new.findnews5.com\/index.php?rest_route=\/wp\/v2\/media\/24175"}],"wp:attachment":[{"href":"https:\/\/new.findnews5.com\/index.php?rest_route=%2Fwp%2Fv2%2Fmedia&parent=24174"}],"wp:term":[{"taxonomy":"category","embeddable":true,"href":"https:\/\/new.findnews5.com\/index.php?rest_route=%2Fwp%2Fv2%2Fcategories&post=24174"},{"taxonomy":"post_tag","embeddable":true,"href":"https:\/\/new.findnews5.com\/index.php?rest_route=%2Fwp%2Fv2%2Ftags&post=24174"}],"curies":[{"name":"wp","href":"https:\/\/api.w.org\/{rel}","templated":true}]}}