{"id":24155,"date":"2025-04-25T10:41:13","date_gmt":"2025-04-25T10:41:13","guid":{"rendered":"https:\/\/new.findnews5.com\/?p=24155"},"modified":"2025-04-25T10:41:17","modified_gmt":"2025-04-25T10:41:17","slug":"24155","status":"publish","type":"post","link":"https:\/\/new.findnews5.com\/?p=24155","title":{"rendered":""},"content":{"rendered":"<div class=\"78954ae5fa42b68c1393fe3da4998882\" data-index=\"1\" style=\"float: none; margin:0px 0 0px 0; text-align:center;\">\n<div data-type=\"_mgwidget\" data-widget-id=\"1576712\">\r\n<\/div>\r\n<script>(function(w,q){w[q]=w[q]||[];w[q].push([\"_mgc.load\"])})(window,\"_mgq\");\r\n<\/script>\r\n\n<\/div>\n\n<p>N\u00eb k\u00ebt\u00eb seanc\u00eb, e cila sh\u00ebnon fillimin e procesit gjyq\u00ebsor, Lapaj ishte i pranish\u00ebm personalisht, nd\u00ebrsa deputeti Shehaj nuk u paraqit n\u00eb sall\u00ebn e gjyqit. Mungesa e tij \u00ebsht\u00eb interpretuar nga mb\u00ebshtet\u00ebsit e Lapajt si nj\u00eb shmangie nga p\u00ebrballja ligjore dhe nj\u00eb munges\u00eb p\u00ebrgjegj\u00ebsie p\u00ebr t\u00eb mbrojtur akuzat e b\u00ebra publikisht.\u200b<\/p>\n\n\n\n<p>Padia e Lapajt ndaj Shehajt u depozitua n\u00eb fillim t\u00eb prillit, pas nj\u00eb s\u00ebr\u00eb akuzash publike t\u00eb b\u00ebra nga Shehaj, i cili pretendonte se Lapaj kishte marr\u00eb 45 milion\u00eb lek\u00eb nga nj\u00eb kompani e lidhur me grupin e \u201c\u00c7opjave\u201d, e cila ishte sekuestruar nga SPAK p\u00ebr pastrim parash. Lapaj i ka mohuar kategorikisht k\u00ebto akuza, duke i cil\u00ebsuar si shpifje dhe duke k\u00ebrkuar q\u00eb \u00e7\u00ebshtja t\u00eb<br>N\u00eb deklaratat e tij p\u00ebr mediat, Lapaj ka theksuar se nuk ka asnj\u00eb lidhje me kompanin\u00eb n\u00eb fjal\u00eb dhe se as ai, as familjar\u00ebt e tij nuk kan\u00eb p\u00ebrfituar asnj\u00eb met\u00ebr tok\u00eb n\u00eb Shqip\u00ebri. Ai ka shprehur vendosm\u00ebrin\u00eb p\u00ebr t\u00eb ndjekur \u00e7\u00ebshtjen deri n\u00eb fund, p\u00ebr t\u00eb mbrojtur integritetin e tij personal dhe politik.\u200b<\/p>\n\n\n\n<p>Nd\u00ebrkoh\u00eb, mungesa e Shehajt n\u00eb seanc\u00ebn e par\u00eb ka ngjallur reagime n\u00eb opinionin publik, me shum\u00eb z\u00ebra q\u00eb e konsiderojn\u00eb k\u00ebt\u00eb si nj\u00eb veprim q\u00eb nuk i shkon p\u00ebr shtat nj\u00eb p\u00ebrfaq\u00ebsuesi t\u00eb zgjedhur dhe q\u00eb hedh hije mbi seriozitetin e akuzave t\u00eb b\u00ebra prej tij.\u200b<\/p>\n\n\n\n<p>Procesi gjyq\u00ebsor pritet t\u00eb vazhdoj\u00eb n\u00eb jav\u00ebt n\u00eb vijim, ku do t\u00eb shqyrtohen provat dhe d\u00ebshmit\u00eb e pal\u00ebve t\u00eb p\u00ebrfshira. Ky rast ka t\u00ebrhequr v\u00ebmendjen e gjer\u00eb t\u00eb publikut dhe mediave, duke u konsideruar si nj\u00eb test p\u00ebr seriozitetin e p\u00ebrballjes me shpifjet dhe p\u00ebr respektimin e etik\u00ebs n\u00eb debatin politik.<\/p>\n\n<div style=\"font-size: 0px; height: 0px; line-height: 0px; margin: 0; padding: 0; clear: both;\"><\/div>","protected":false},"excerpt":{"rendered":"<p>N\u00eb k\u00ebt\u00eb seanc\u00eb, e cila sh\u00ebnon fillimin e procesit gjyq\u00ebsor, Lapaj ishte i pranish\u00ebm personalisht, nd\u00ebrsa deputeti Shehaj nuk u paraqit n\u00eb sall\u00ebn e gjyqit. Mungesa e&#8230; <\/p>\n","protected":false},"author":1,"featured_media":0,"comment_status":"open","ping_status":"open","sticky":false,"template":"","format":"standard","meta":{"footnotes":""},"categories":[6],"tags":[],"class_list":["post-24155","post","type-post","status-publish","format-standard","hentry","category-lajme"],"_links":{"self":[{"href":"https:\/\/new.findnews5.com\/index.php?rest_route=\/wp\/v2\/posts\/24155","targetHints":{"allow":["GET"]}}],"collection":[{"href":"https:\/\/new.findnews5.com\/index.php?rest_route=\/wp\/v2\/posts"}],"about":[{"href":"https:\/\/new.findnews5.com\/index.php?rest_route=\/wp\/v2\/types\/post"}],"author":[{"embeddable":true,"href":"https:\/\/new.findnews5.com\/index.php?rest_route=\/wp\/v2\/users\/1"}],"replies":[{"embeddable":true,"href":"https:\/\/new.findnews5.com\/index.php?rest_route=%2Fwp%2Fv2%2Fcomments&post=24155"}],"version-history":[{"count":1,"href":"https:\/\/new.findnews5.com\/index.php?rest_route=\/wp\/v2\/posts\/24155\/revisions"}],"predecessor-version":[{"id":24156,"href":"https:\/\/new.findnews5.com\/index.php?rest_route=\/wp\/v2\/posts\/24155\/revisions\/24156"}],"wp:attachment":[{"href":"https:\/\/new.findnews5.com\/index.php?rest_route=%2Fwp%2Fv2%2Fmedia&parent=24155"}],"wp:term":[{"taxonomy":"category","embeddable":true,"href":"https:\/\/new.findnews5.com\/index.php?rest_route=%2Fwp%2Fv2%2Fcategories&post=24155"},{"taxonomy":"post_tag","embeddable":true,"href":"https:\/\/new.findnews5.com\/index.php?rest_route=%2Fwp%2Fv2%2Ftags&post=24155"}],"curies":[{"name":"wp","href":"https:\/\/api.w.org\/{rel}","templated":true}]}}