{"id":24154,"date":"2025-04-25T10:41:36","date_gmt":"2025-04-25T10:41:36","guid":{"rendered":"https:\/\/new.findnews5.com\/?p=24154"},"modified":"2025-04-25T10:41:41","modified_gmt":"2025-04-25T10:41:41","slug":"agron-shehaj-trnditet-nga-adriatik-lapaj-nuk-shkon-ne-spak-nga-frka-e-brgut-lapaj-con-provat-e-forta","status":"publish","type":"post","link":"https:\/\/new.findnews5.com\/?p=24154","title":{"rendered":"Agron Shehaj tr*nditet nga Adriatik Lapaj, nuk shkon n\u00eb SPAK nga fr*ka e b*rgut, LAPAJ \u00e7on provat e forta"},"content":{"rendered":"<div class=\"78954ae5fa42b68c1393fe3da4998882\" data-index=\"1\" style=\"float: none; margin:0px 0 0px 0; text-align:center;\">\n<div data-type=\"_mgwidget\" data-widget-id=\"1576712\">\r\n<\/div>\r\n<script>(function(w,q){w[q]=w[q]||[];w[q].push([\"_mgc.load\"])})(window,\"_mgq\");\r\n<\/script>\r\n\n<\/div>\n\n<p>Kreu i L\u00ebvizjes \u201cShqip\u00ebria B\u00ebhet\u201d, Adriatik Lapaj, \u00ebsht\u00eb paraqitur m\u00ebngjesin e s\u00eb enjtes n\u00eb ambientet e Prokuroris\u00eb s\u00eb Posa\u00e7me kund\u00ebr Korrupsionit dhe Krimit t\u00eb Organizuar (SPAK), p\u00ebr t\u00eb ndjekur seanc\u00ebn e par\u00eb gjyq\u00ebsore lidhur me padin\u00eb p\u00ebr shpifje q\u00eb ka ngritur ndaj deputetit Agron Shehaj.\u200b<\/p>\n\n\n\n<figure class=\"wp-block-image size-full\"><a href=\"https:\/\/new.findnews5.com\/?p=24155\"><img loading=\"lazy\" decoding=\"async\" width=\"745\" height=\"261\" src=\"http:\/\/new.findnews5.com\/wp-content\/uploads\/2025\/03\/SHTYPLAJMINKETU.jpg\" alt=\"\" class=\"wp-image-22778\" srcset=\"https:\/\/new.findnews5.com\/wp-content\/uploads\/2025\/03\/SHTYPLAJMINKETU.jpg 745w, https:\/\/new.findnews5.com\/wp-content\/uploads\/2025\/03\/SHTYPLAJMINKETU-300x105.jpg 300w\" sizes=\"auto, (max-width: 745px) 100vw, 745px\" \/><\/a><\/figure>\n\n<div style=\"font-size: 0px; height: 0px; line-height: 0px; margin: 0; padding: 0; clear: both;\"><\/div>","protected":false},"excerpt":{"rendered":"<p>Kreu i L\u00ebvizjes \u201cShqip\u00ebria B\u00ebhet\u201d, Adriatik Lapaj, \u00ebsht\u00eb paraqitur m\u00ebngjesin e s\u00eb enjtes n\u00eb ambientet e Prokuroris\u00eb s\u00eb Posa\u00e7me kund\u00ebr Korrupsionit dhe Krimit t\u00eb Organizuar (SPAK), p\u00ebr&#8230; <\/p>\n","protected":false},"author":1,"featured_media":23854,"comment_status":"open","ping_status":"open","sticky":false,"template":"","format":"standard","meta":{"footnotes":""},"categories":[6],"tags":[],"class_list":["post-24154","post","type-post","status-publish","format-standard","has-post-thumbnail","hentry","category-lajme"],"_links":{"self":[{"href":"https:\/\/new.findnews5.com\/index.php?rest_route=\/wp\/v2\/posts\/24154","targetHints":{"allow":["GET"]}}],"collection":[{"href":"https:\/\/new.findnews5.com\/index.php?rest_route=\/wp\/v2\/posts"}],"about":[{"href":"https:\/\/new.findnews5.com\/index.php?rest_route=\/wp\/v2\/types\/post"}],"author":[{"embeddable":true,"href":"https:\/\/new.findnews5.com\/index.php?rest_route=\/wp\/v2\/users\/1"}],"replies":[{"embeddable":true,"href":"https:\/\/new.findnews5.com\/index.php?rest_route=%2Fwp%2Fv2%2Fcomments&post=24154"}],"version-history":[{"count":1,"href":"https:\/\/new.findnews5.com\/index.php?rest_route=\/wp\/v2\/posts\/24154\/revisions"}],"predecessor-version":[{"id":24157,"href":"https:\/\/new.findnews5.com\/index.php?rest_route=\/wp\/v2\/posts\/24154\/revisions\/24157"}],"wp:featuredmedia":[{"embeddable":true,"href":"https:\/\/new.findnews5.com\/index.php?rest_route=\/wp\/v2\/media\/23854"}],"wp:attachment":[{"href":"https:\/\/new.findnews5.com\/index.php?rest_route=%2Fwp%2Fv2%2Fmedia&parent=24154"}],"wp:term":[{"taxonomy":"category","embeddable":true,"href":"https:\/\/new.findnews5.com\/index.php?rest_route=%2Fwp%2Fv2%2Fcategories&post=24154"},{"taxonomy":"post_tag","embeddable":true,"href":"https:\/\/new.findnews5.com\/index.php?rest_route=%2Fwp%2Fv2%2Ftags&post=24154"}],"curies":[{"name":"wp","href":"https:\/\/api.w.org\/{rel}","templated":true}]}}