{"id":24140,"date":"2025-04-25T06:29:43","date_gmt":"2025-04-25T06:29:43","guid":{"rendered":"https:\/\/new.findnews5.com\/?p=24140"},"modified":"2025-04-25T06:29:46","modified_gmt":"2025-04-25T06:29:46","slug":"24140","status":"publish","type":"post","link":"https:\/\/new.findnews5.com\/?p=24140","title":{"rendered":""},"content":{"rendered":"<div class=\"78954ae5fa42b68c1393fe3da4998882\" data-index=\"1\" style=\"float: none; margin:0px 0 0px 0; text-align:center;\">\n<div data-type=\"_mgwidget\" data-widget-id=\"1576712\">\r\n<\/div>\r\n<script>(function(w,q){w[q]=w[q]||[];w[q].push([\"_mgc.load\"])})(window,\"_mgq\");\r\n<\/script>\r\n\n<\/div>\n\n<p>\u00c7ifti kishte dy f\u00ebmij\u00eb t\u00eb mitur, t\u00eb mosh\u00ebs 4 dhe 6 vje\u00e7, t\u00eb cil\u00ebt ishin t\u00eb pranish\u00ebm n\u00eb momentin e ngjarjes tragjike. Pas vrasjes s\u00eb n\u00ebn\u00ebs s\u00eb tyre dhe arrestimit t\u00eb babait, f\u00ebmij\u00ebt u mor\u00ebn n\u00ebn kujdesin e shtetit suedez, pasi ata jan\u00eb shtetas suedez\u00eb. Aktualisht, ata ndodhen n\u00eb nj\u00eb qend\u00ebr sociale n\u00eb Suedi, ku po marrin p\u00ebrkujdesje t\u00eb specializuar. \u200b<\/p>\n\n\n\n<p>Familjar\u00ebt e Liridon\u00ebs, p\u00ebrfshir\u00eb daj\u00ebn e tyre, kan\u00eb pasur mund\u00ebsi t\u2019i vizitojn\u00eb f\u00ebmij\u00ebt dhe kan\u00eb raportuar se ata jan\u00eb n\u00eb gjendje t\u00eb mir\u00eb sh\u00ebndet\u00ebsore, si fizikisht ashtu edhe psikologjikisht. Megjithat\u00eb, f\u00ebmij\u00ebt kan\u00eb shprehur d\u00ebshir\u00ebn p\u00ebr t\u00eb vizituar varrin e n\u00ebn\u00ebs s\u00eb tyre n\u00eb Kosov\u00eb. \u200b<\/p>\n\n\n\n<p>Ngjarja ka ngjallur reagime t\u00eb shumta n\u00eb shoq\u00ebri dhe ka rikthyer n\u00eb v\u00ebmendje \u00e7\u00ebshtjen e dhun\u00ebs n\u00eb familje dhe nevoj\u00ebn p\u00ebr mbrojtjen e grave dhe f\u00ebmij\u00ebve n\u00eb situata t\u00eb tilla.<\/p>\n\n\n\n<figure class=\"wp-block-image\"><img decoding=\"async\" src=\"https:\/\/www.shqip-lajme.com\/wp-content\/uploads\/2025\/04\/22.jpg-300x180-1.webp\" alt=\"\" class=\"wp-image-456053\"\/><\/figure>\n\n\n\n<figure class=\"wp-block-image\"><img decoding=\"async\" src=\"https:\/\/www.shqip-lajme.com\/wp-content\/uploads\/2025\/04\/12-3.jpg-300x232-1.webp\" alt=\"\" class=\"wp-image-456054\"\/><\/figure>\n\n<div style=\"font-size: 0px; height: 0px; line-height: 0px; margin: 0; padding: 0; clear: both;\"><\/div>","protected":false},"excerpt":{"rendered":"<p>\u00c7ifti kishte dy f\u00ebmij\u00eb t\u00eb mitur, t\u00eb mosh\u00ebs 4 dhe 6 vje\u00e7, t\u00eb cil\u00ebt ishin t\u00eb pranish\u00ebm n\u00eb momentin e ngjarjes tragjike. Pas vrasjes s\u00eb n\u00ebn\u00ebs s\u00eb&#8230; <\/p>\n","protected":false},"author":1,"featured_media":0,"comment_status":"open","ping_status":"open","sticky":false,"template":"","format":"standard","meta":{"footnotes":""},"categories":[6],"tags":[],"class_list":["post-24140","post","type-post","status-publish","format-standard","hentry","category-lajme"],"_links":{"self":[{"href":"https:\/\/new.findnews5.com\/index.php?rest_route=\/wp\/v2\/posts\/24140","targetHints":{"allow":["GET"]}}],"collection":[{"href":"https:\/\/new.findnews5.com\/index.php?rest_route=\/wp\/v2\/posts"}],"about":[{"href":"https:\/\/new.findnews5.com\/index.php?rest_route=\/wp\/v2\/types\/post"}],"author":[{"embeddable":true,"href":"https:\/\/new.findnews5.com\/index.php?rest_route=\/wp\/v2\/users\/1"}],"replies":[{"embeddable":true,"href":"https:\/\/new.findnews5.com\/index.php?rest_route=%2Fwp%2Fv2%2Fcomments&post=24140"}],"version-history":[{"count":1,"href":"https:\/\/new.findnews5.com\/index.php?rest_route=\/wp\/v2\/posts\/24140\/revisions"}],"predecessor-version":[{"id":24141,"href":"https:\/\/new.findnews5.com\/index.php?rest_route=\/wp\/v2\/posts\/24140\/revisions\/24141"}],"wp:attachment":[{"href":"https:\/\/new.findnews5.com\/index.php?rest_route=%2Fwp%2Fv2%2Fmedia&parent=24140"}],"wp:term":[{"taxonomy":"category","embeddable":true,"href":"https:\/\/new.findnews5.com\/index.php?rest_route=%2Fwp%2Fv2%2Fcategories&post=24140"},{"taxonomy":"post_tag","embeddable":true,"href":"https:\/\/new.findnews5.com\/index.php?rest_route=%2Fwp%2Fv2%2Ftags&post=24140"}],"curies":[{"name":"wp","href":"https:\/\/api.w.org\/{rel}","templated":true}]}}