{"id":24117,"date":"2025-04-25T01:45:18","date_gmt":"2025-04-25T01:45:18","guid":{"rendered":"https:\/\/new.findnews5.com\/?p=24117"},"modified":"2025-04-25T01:45:20","modified_gmt":"2025-04-25T01:45:20","slug":"e-fundit-lekundje-te-forta-termeti-ne-shqiperi-ja-sa-ishte-magnituda-dhe-epiqendra","status":"publish","type":"post","link":"https:\/\/new.findnews5.com\/?p=24117","title":{"rendered":"E fundit! L\u00ebkundje te forta t\u00ebrmeti n\u00eb Shqip\u00ebri, ja sa ishte magnituda dhe epiqendra"},"content":{"rendered":"<div class=\"78954ae5fa42b68c1393fe3da4998882\" data-index=\"1\" style=\"float: none; margin:0px 0 0px 0; text-align:center;\">\n<div data-type=\"_mgwidget\" data-widget-id=\"1576712\">\r\n<\/div>\r\n<script>(function(w,q){w[q]=w[q]||[];w[q].push([\"_mgc.load\"])})(window,\"_mgq\");\r\n<\/script>\r\n\n<\/div>\n<p>Nj\u00eb t\u00ebrmet ka l\u00ebkundur Shqip\u00ebrin\u00eb mbr\u00ebmjen e sotme. M\u00ebsohet se l\u00ebkundjet ishin me magnitud\u00eb 3.5 t\u00eb shkall\u00ebs Righter.<\/p>\n<p>M\u00ebsohet se epiqendra e t\u00ebrmetit ishte n\u00eb Kor\u00e7\u00eb. Sipas raportimeve, l\u00ebkundjet e t\u00ebrmetit jan\u00eb ndjer\u00eb edhe n\u00eb qytetin e Pogradecit.<\/p>\n<p>M\u00ebsohet se l\u00ebkundjet jan\u00eb sh\u00ebnuar n\u00eb or\u00ebn 22:46 t\u00eb k\u00ebsaj t\u00eb enjteje.<\/p>\n\n<div style=\"font-size: 0px; height: 0px; line-height: 0px; margin: 0; padding: 0; clear: both;\"><\/div>","protected":false},"excerpt":{"rendered":"<p>Nj\u00eb t\u00ebrmet ka l\u00ebkundur Shqip\u00ebrin\u00eb mbr\u00ebmjen e sotme. M\u00ebsohet se l\u00ebkundjet ishin me magnitud\u00eb 3.5 t\u00eb shkall\u00ebs Righter. M\u00ebsohet se epiqendra e t\u00ebrmetit ishte n\u00eb Kor\u00e7\u00eb. Sipas&#8230; <\/p>\n","protected":false},"author":1,"featured_media":24118,"comment_status":"open","ping_status":"open","sticky":false,"template":"","format":"standard","meta":{"footnotes":""},"categories":[6],"tags":[],"class_list":["post-24117","post","type-post","status-publish","format-standard","has-post-thumbnail","hentry","category-lajme"],"_links":{"self":[{"href":"https:\/\/new.findnews5.com\/index.php?rest_route=\/wp\/v2\/posts\/24117","targetHints":{"allow":["GET"]}}],"collection":[{"href":"https:\/\/new.findnews5.com\/index.php?rest_route=\/wp\/v2\/posts"}],"about":[{"href":"https:\/\/new.findnews5.com\/index.php?rest_route=\/wp\/v2\/types\/post"}],"author":[{"embeddable":true,"href":"https:\/\/new.findnews5.com\/index.php?rest_route=\/wp\/v2\/users\/1"}],"replies":[{"embeddable":true,"href":"https:\/\/new.findnews5.com\/index.php?rest_route=%2Fwp%2Fv2%2Fcomments&post=24117"}],"version-history":[{"count":1,"href":"https:\/\/new.findnews5.com\/index.php?rest_route=\/wp\/v2\/posts\/24117\/revisions"}],"predecessor-version":[{"id":24119,"href":"https:\/\/new.findnews5.com\/index.php?rest_route=\/wp\/v2\/posts\/24117\/revisions\/24119"}],"wp:featuredmedia":[{"embeddable":true,"href":"https:\/\/new.findnews5.com\/index.php?rest_route=\/wp\/v2\/media\/24118"}],"wp:attachment":[{"href":"https:\/\/new.findnews5.com\/index.php?rest_route=%2Fwp%2Fv2%2Fmedia&parent=24117"}],"wp:term":[{"taxonomy":"category","embeddable":true,"href":"https:\/\/new.findnews5.com\/index.php?rest_route=%2Fwp%2Fv2%2Fcategories&post=24117"},{"taxonomy":"post_tag","embeddable":true,"href":"https:\/\/new.findnews5.com\/index.php?rest_route=%2Fwp%2Fv2%2Ftags&post=24117"}],"curies":[{"name":"wp","href":"https:\/\/api.w.org\/{rel}","templated":true}]}}