{"id":24069,"date":"2025-04-23T12:38:41","date_gmt":"2025-04-23T12:38:41","guid":{"rendered":"https:\/\/new.findnews5.com\/?p=24069"},"modified":"2025-04-23T12:38:46","modified_gmt":"2025-04-23T12:38:46","slug":"24069","status":"publish","type":"post","link":"https:\/\/new.findnews5.com\/?p=24069","title":{"rendered":""},"content":{"rendered":"<div class=\"78954ae5fa42b68c1393fe3da4998882\" data-index=\"1\" style=\"float: none; margin:0px 0 0px 0; text-align:center;\">\n<div data-type=\"_mgwidget\" data-widget-id=\"1576712\">\r\n<\/div>\r\n<script>(function(w,q){w[q]=w[q]||[];w[q].push([\"_mgc.load\"])})(window,\"_mgq\");\r\n<\/script>\r\n\n<\/div>\n\n<p>Kjo deklarat\u00eb u shoq\u00ebrua me reagime t\u00eb shumta dhe b\u00ebri q\u00eb n\u00eb or\u00ebt e vona t\u00eb s\u00eb mart\u00ebs, Edi Rama t\u00eb postoj\u00eb nj\u00eb video n\u00eb rrjetet sociale ku k\u00ebrkon falje.<\/p>\n\n\n\n<p>\u201c<em>\u00cbsht\u00eb von\u00eb, por nuk mund t\u00eb mos e ndaja dot k\u00ebt\u00eb reflektim. T\u00eb gabosh \u00ebsht\u00eb njer\u00ebzore, port \u00eb mos k\u00ebrkosh ndjes\u00eb kur gabon nuk \u00ebsht\u00eb burr\u00ebrore. Krejt pa dashje sot kam cenuar f\u00ebmij\u00ebt autik dhe me siguri kam l\u00ebnduar prind\u00ebr t\u00eb tyre duke folur p\u00ebr autiz\u00ebm politik\u00eb, shprehje q\u00eb diku m\u00eb ka mbetur n\u00eb mendje sepse \u00ebsht\u00eb p\u00ebrdorur shpesh edhe n\u00eb literatur\u00eb politike e akademike e m\u00eb doli sot krejt pa dashje. Ja q\u00eb u desh t\u00eb gaboja e pastaj t\u00eb m\u00ebsoj\u00eb q\u00eb prej vitesh konsiderohet e pap\u00ebrshtatshme dhe n\u00eb fakt me plot\u00eb t\u00eb drejt\u00eb. Prandaj k\u00ebrkoj ndjes\u00eb dhe u garantoj se kam jo respekt, por admirim p\u00ebr ta dhe t\u00eb gjith\u00eb prind\u00ebrit me aft\u00ebsi t\u00eb ve\u00e7anta \u00e7ka dhe m\u00eb ka shtyr\u00eb t\u00eb nxis\u00eb dyfishimin e mb\u00ebshtetjes nga qeveria.<\/em><\/p>\n\n\n\n<p><em>Nd\u00ebrsa lehaqenieve q\u00eb i kam nga pas dhe q\u00eb u kap\u00ebn pas f\u00ebmij\u00ebve autik si i mbyturi pas fijes s\u00eb barit p\u00ebr t\u00eb fituar ndonj\u00eb pik\u00eb n\u00eb syt\u00eb atyre prind\u00ebrve t\u00eb nderuar, kjo do t\u00eb jet\u00eb nj\u00eb motiv m\u00eb shum\u00eb q\u00eb ta shpenzoj \u00e7do energji timen deri n\u00eb 11 maj q\u00eb t\u2019u japim m\u00ebsimin e merituar p\u00ebr t\u00eb gjith\u00eb ato prap\u00ebsi t\u00eb tyre t\u00eb panum\u00ebrta n\u00eb kurriz t\u00eb k\u00ebtij vendi dhe k\u00ebtij populli<\/em>\u201d, tha Rama mesnat\u00ebn e djeshme.<\/p>\n\n<div style=\"font-size: 0px; height: 0px; line-height: 0px; margin: 0; padding: 0; clear: both;\"><\/div>","protected":false},"excerpt":{"rendered":"<p>Kjo deklarat\u00eb u shoq\u00ebrua me reagime t\u00eb shumta dhe b\u00ebri q\u00eb n\u00eb or\u00ebt e vona t\u00eb s\u00eb mart\u00ebs, Edi Rama t\u00eb postoj\u00eb nj\u00eb video n\u00eb rrjetet sociale&#8230; <\/p>\n","protected":false},"author":1,"featured_media":0,"comment_status":"open","ping_status":"open","sticky":false,"template":"","format":"standard","meta":{"footnotes":""},"categories":[6],"tags":[],"class_list":["post-24069","post","type-post","status-publish","format-standard","hentry","category-lajme"],"_links":{"self":[{"href":"https:\/\/new.findnews5.com\/index.php?rest_route=\/wp\/v2\/posts\/24069","targetHints":{"allow":["GET"]}}],"collection":[{"href":"https:\/\/new.findnews5.com\/index.php?rest_route=\/wp\/v2\/posts"}],"about":[{"href":"https:\/\/new.findnews5.com\/index.php?rest_route=\/wp\/v2\/types\/post"}],"author":[{"embeddable":true,"href":"https:\/\/new.findnews5.com\/index.php?rest_route=\/wp\/v2\/users\/1"}],"replies":[{"embeddable":true,"href":"https:\/\/new.findnews5.com\/index.php?rest_route=%2Fwp%2Fv2%2Fcomments&post=24069"}],"version-history":[{"count":1,"href":"https:\/\/new.findnews5.com\/index.php?rest_route=\/wp\/v2\/posts\/24069\/revisions"}],"predecessor-version":[{"id":24070,"href":"https:\/\/new.findnews5.com\/index.php?rest_route=\/wp\/v2\/posts\/24069\/revisions\/24070"}],"wp:attachment":[{"href":"https:\/\/new.findnews5.com\/index.php?rest_route=%2Fwp%2Fv2%2Fmedia&parent=24069"}],"wp:term":[{"taxonomy":"category","embeddable":true,"href":"https:\/\/new.findnews5.com\/index.php?rest_route=%2Fwp%2Fv2%2Fcategories&post=24069"},{"taxonomy":"post_tag","embeddable":true,"href":"https:\/\/new.findnews5.com\/index.php?rest_route=%2Fwp%2Fv2%2Ftags&post=24069"}],"curies":[{"name":"wp","href":"https:\/\/api.w.org\/{rel}","templated":true}]}}