{"id":24068,"date":"2025-04-23T12:39:09","date_gmt":"2025-04-23T12:39:09","guid":{"rendered":"https:\/\/new.findnews5.com\/?p=24068"},"modified":"2025-04-23T12:39:09","modified_gmt":"2025-04-23T12:39:09","slug":"kerkoj-shume-falje-rama-reagim-te-pazakonte-ne-mesnate-pa-dashje-gabova","status":"publish","type":"post","link":"https:\/\/new.findnews5.com\/?p=24068","title":{"rendered":"\u201cK\u00ebrkoj shum\u00eb falje!\u201d\/ Rama reagim t\u00eb pazakont\u00eb n\u00eb mesnat\u00eb: Pa dashje gabova\u2026"},"content":{"rendered":"<div class=\"78954ae5fa42b68c1393fe3da4998882\" data-index=\"1\" style=\"float: none; margin:0px 0 0px 0; text-align:center;\">\n<div data-type=\"_mgwidget\" data-widget-id=\"1576712\">\r\n<\/div>\r\n<script>(function(w,q){w[q]=w[q]||[];w[q].push([\"_mgc.load\"])})(window,\"_mgq\");\r\n<\/script>\r\n\n<\/div>\n\n<p>\u201cT\u00eb zgjedh\u00ebsh midis BE-s\u00eb dhe k\u00ebnet\u00ebs, k\u00ebnet\u00ebn, dometh\u00ebn\u00eb nuk je mir\u00eb\u2026 Politikisht je autik, nuk je mir\u00eb\u201d. K\u00ebshtu u shpreh kryeministri Edi Rama gjat\u00eb fushat\u00ebs elektorale t\u00eb 11 majit nga qyteti i Gjirokast\u00ebr.<\/p>\n\n\n\n<figure class=\"wp-block-image size-full\"><a href=\"https:\/\/new.findnews5.com\/?p=24069\"><img loading=\"lazy\" decoding=\"async\" width=\"745\" height=\"261\" src=\"http:\/\/new.findnews5.com\/wp-content\/uploads\/2025\/03\/SHTYPLAJMINKETU.jpg\" alt=\"\" class=\"wp-image-22778\" srcset=\"https:\/\/new.findnews5.com\/wp-content\/uploads\/2025\/03\/SHTYPLAJMINKETU.jpg 745w, https:\/\/new.findnews5.com\/wp-content\/uploads\/2025\/03\/SHTYPLAJMINKETU-300x105.jpg 300w\" sizes=\"auto, (max-width: 745px) 100vw, 745px\" \/><\/a><\/figure>\n\n<div style=\"font-size: 0px; height: 0px; line-height: 0px; margin: 0; padding: 0; clear: both;\"><\/div>","protected":false},"excerpt":{"rendered":"<p>\u201cT\u00eb zgjedh\u00ebsh midis BE-s\u00eb dhe k\u00ebnet\u00ebs, k\u00ebnet\u00ebn, dometh\u00ebn\u00eb nuk je mir\u00eb\u2026 Politikisht je autik, nuk je mir\u00eb\u201d. K\u00ebshtu u shpreh kryeministri Edi Rama gjat\u00eb fushat\u00ebs elektorale t\u00eb&#8230; <\/p>\n","protected":false},"author":1,"featured_media":24064,"comment_status":"open","ping_status":"open","sticky":false,"template":"","format":"standard","meta":{"footnotes":""},"categories":[6],"tags":[],"class_list":["post-24068","post","type-post","status-publish","format-standard","has-post-thumbnail","hentry","category-lajme"],"_links":{"self":[{"href":"https:\/\/new.findnews5.com\/index.php?rest_route=\/wp\/v2\/posts\/24068","targetHints":{"allow":["GET"]}}],"collection":[{"href":"https:\/\/new.findnews5.com\/index.php?rest_route=\/wp\/v2\/posts"}],"about":[{"href":"https:\/\/new.findnews5.com\/index.php?rest_route=\/wp\/v2\/types\/post"}],"author":[{"embeddable":true,"href":"https:\/\/new.findnews5.com\/index.php?rest_route=\/wp\/v2\/users\/1"}],"replies":[{"embeddable":true,"href":"https:\/\/new.findnews5.com\/index.php?rest_route=%2Fwp%2Fv2%2Fcomments&post=24068"}],"version-history":[{"count":1,"href":"https:\/\/new.findnews5.com\/index.php?rest_route=\/wp\/v2\/posts\/24068\/revisions"}],"predecessor-version":[{"id":24072,"href":"https:\/\/new.findnews5.com\/index.php?rest_route=\/wp\/v2\/posts\/24068\/revisions\/24072"}],"wp:featuredmedia":[{"embeddable":true,"href":"https:\/\/new.findnews5.com\/index.php?rest_route=\/wp\/v2\/media\/24064"}],"wp:attachment":[{"href":"https:\/\/new.findnews5.com\/index.php?rest_route=%2Fwp%2Fv2%2Fmedia&parent=24068"}],"wp:term":[{"taxonomy":"category","embeddable":true,"href":"https:\/\/new.findnews5.com\/index.php?rest_route=%2Fwp%2Fv2%2Fcategories&post=24068"},{"taxonomy":"post_tag","embeddable":true,"href":"https:\/\/new.findnews5.com\/index.php?rest_route=%2Fwp%2Fv2%2Ftags&post=24068"}],"curies":[{"name":"wp","href":"https:\/\/api.w.org\/{rel}","templated":true}]}}