{"id":24063,"date":"2025-04-23T10:16:25","date_gmt":"2025-04-23T10:16:25","guid":{"rendered":"https:\/\/new.findnews5.com\/?p=24063"},"modified":"2025-04-23T10:16:25","modified_gmt":"2025-04-23T10:16:25","slug":"je-autik-nese-zgjedh-keneten-rama-sulmon-burrat-qe-mbeshtesin-berishen-kush-shkon-tek-ai-eshte-gjysmak","status":"publish","type":"post","link":"https:\/\/new.findnews5.com\/?p=24063","title":{"rendered":"\u201cJe autik n\u00ebse zgjedh k\u00ebnet\u00ebn\u201d- Rama sulmon burrat q\u00eb mb\u00ebshtesin Berish\u00ebn: Kush shkon tek ai \u00ebsht\u00eb gjysmak"},"content":{"rendered":"<div class=\"78954ae5fa42b68c1393fe3da4998882\" data-index=\"1\" style=\"float: none; margin:0px 0 0px 0; text-align:center;\">\n<div data-type=\"_mgwidget\" data-widget-id=\"1576712\">\r\n<\/div>\r\n<script>(function(w,q){w[q]=w[q]||[];w[q].push([\"_mgc.load\"])})(window,\"_mgq\");\r\n<\/script>\r\n\n<\/div>\n<p>\u201cPaguajt\u00ebn lek\u00ebt e dynjas\u00eb p\u00ebr t\u00eb paguar Latifin. M\u00eb hidhen mua pse them gjysma e burrave jan\u00eb \u00e7yryk\u00eb. Po \u00e7a t\u00eb them, e them si metafor\u00eb, nuk \u00ebsht\u00eb raport klinik. P\u00ebr mua kush shkon n\u00eb k\u00ebnet\u00eb \u00ebsht\u00eb gjysmak. T\u00eb zgjedh\u00ebsh midis BE dhe k\u00ebnet\u00ebs, k\u00ebnet\u00ebn dmth nuk je mir\u00eb, politikisht je autik, s\u2019e mir\u00eb\u201d, tha Rama.<\/p>\n\n\n<figure class=\"wp-block-image size-full\"><a href=\"https:\/\/new.findnews5.com\/?p=24065\"><img loading=\"lazy\" decoding=\"async\" width=\"745\" height=\"261\" src=\"http:\/\/new.findnews5.com\/wp-content\/uploads\/2025\/03\/SHTYPLAJMINKETU.jpg\" alt=\"\" class=\"wp-image-22778\" srcset=\"https:\/\/new.findnews5.com\/wp-content\/uploads\/2025\/03\/SHTYPLAJMINKETU.jpg 745w, https:\/\/new.findnews5.com\/wp-content\/uploads\/2025\/03\/SHTYPLAJMINKETU-300x105.jpg 300w\" sizes=\"auto, (max-width: 745px) 100vw, 745px\" \/><\/a><\/figure>\n\n<div style=\"font-size: 0px; height: 0px; line-height: 0px; margin: 0; padding: 0; clear: both;\"><\/div>","protected":false},"excerpt":{"rendered":"<p>\u201cPaguajt\u00ebn lek\u00ebt e dynjas\u00eb p\u00ebr t\u00eb paguar Latifin. M\u00eb hidhen mua pse them gjysma e burrave jan\u00eb \u00e7yryk\u00eb. Po \u00e7a t\u00eb them, e them si metafor\u00eb, nuk&#8230; <\/p>\n","protected":false},"author":1,"featured_media":24064,"comment_status":"open","ping_status":"open","sticky":false,"template":"","format":"standard","meta":{"footnotes":""},"categories":[6],"tags":[],"class_list":["post-24063","post","type-post","status-publish","format-standard","has-post-thumbnail","hentry","category-lajme"],"_links":{"self":[{"href":"https:\/\/new.findnews5.com\/index.php?rest_route=\/wp\/v2\/posts\/24063","targetHints":{"allow":["GET"]}}],"collection":[{"href":"https:\/\/new.findnews5.com\/index.php?rest_route=\/wp\/v2\/posts"}],"about":[{"href":"https:\/\/new.findnews5.com\/index.php?rest_route=\/wp\/v2\/types\/post"}],"author":[{"embeddable":true,"href":"https:\/\/new.findnews5.com\/index.php?rest_route=\/wp\/v2\/users\/1"}],"replies":[{"embeddable":true,"href":"https:\/\/new.findnews5.com\/index.php?rest_route=%2Fwp%2Fv2%2Fcomments&post=24063"}],"version-history":[{"count":1,"href":"https:\/\/new.findnews5.com\/index.php?rest_route=\/wp\/v2\/posts\/24063\/revisions"}],"predecessor-version":[{"id":24067,"href":"https:\/\/new.findnews5.com\/index.php?rest_route=\/wp\/v2\/posts\/24063\/revisions\/24067"}],"wp:featuredmedia":[{"embeddable":true,"href":"https:\/\/new.findnews5.com\/index.php?rest_route=\/wp\/v2\/media\/24064"}],"wp:attachment":[{"href":"https:\/\/new.findnews5.com\/index.php?rest_route=%2Fwp%2Fv2%2Fmedia&parent=24063"}],"wp:term":[{"taxonomy":"category","embeddable":true,"href":"https:\/\/new.findnews5.com\/index.php?rest_route=%2Fwp%2Fv2%2Fcategories&post=24063"},{"taxonomy":"post_tag","embeddable":true,"href":"https:\/\/new.findnews5.com\/index.php?rest_route=%2Fwp%2Fv2%2Ftags&post=24063"}],"curies":[{"name":"wp","href":"https:\/\/api.w.org\/{rel}","templated":true}]}}