{"id":24052,"date":"2025-04-22T14:27:22","date_gmt":"2025-04-22T14:27:22","guid":{"rendered":"https:\/\/new.findnews5.com\/?p=24052"},"modified":"2025-04-22T14:27:24","modified_gmt":"2025-04-22T14:27:24","slug":"braktis-londren-dhe-milionat-franceska-murati-ne-gjendje-te-rende-ndahet-nga-burri-dhe","status":"publish","type":"post","link":"https:\/\/new.findnews5.com\/?p=24052","title":{"rendered":"Braktis Londren dhe milionat! Franceska Murati ne gjendje te rende, ndahet nga burri dhe"},"content":{"rendered":"<div class=\"78954ae5fa42b68c1393fe3da4998882\" data-index=\"1\" style=\"float: none; margin:0px 0 0px 0; text-align:center;\">\n<div data-type=\"_mgwidget\" data-widget-id=\"1576712\">\r\n<\/div>\r\n<script>(function(w,q){w[q]=w[q]||[];w[q].push([\"_mgc.load\"])})(window,\"_mgq\");\r\n<\/script>\r\n\n<\/div>\n\n<p>P\u00ebr ish-missin Fran\u00e7eska Murati po aludohet se po kalon nj\u00eb kriz\u00eb n\u00eb marr\u00ebdh\u00ebnien e saj me bashk\u00ebshortin.<\/p>\n\n\n\n<p>Me an\u00eb t\u00eb nj\u00eb \u201cAsk me questions\u201d modelja p\u00ebrve\u00e7 se ka b\u00ebr\u00eb me dije se po k\u00ebrkon t\u00eb blej\u00eb nj\u00eb sht\u00ebpi n\u00eb Tiran\u00eb, po ashtu ka shtuar se nuk po kalon nj\u00eb periudh\u00eb t\u00eb mir\u00eb n\u00eb jet\u00ebn personale teksa shprehet: \u201cJam e ngarkuar.\u201d<\/p>\n\n\n\n<figure class=\"wp-block-image size-full\"><a href=\"https:\/\/new.findnews5.com\/?p=24050\"><img loading=\"lazy\" decoding=\"async\" width=\"745\" height=\"261\" src=\"http:\/\/new.findnews5.com\/wp-content\/uploads\/2025\/03\/SHTYPLAJMINKETU.jpg\" alt=\"\" class=\"wp-image-22778\" srcset=\"https:\/\/new.findnews5.com\/wp-content\/uploads\/2025\/03\/SHTYPLAJMINKETU.jpg 745w, https:\/\/new.findnews5.com\/wp-content\/uploads\/2025\/03\/SHTYPLAJMINKETU-300x105.jpg 300w\" sizes=\"auto, (max-width: 745px) 100vw, 745px\" \/><\/a><\/figure>\n\n<div style=\"font-size: 0px; height: 0px; line-height: 0px; margin: 0; padding: 0; clear: both;\"><\/div>","protected":false},"excerpt":{"rendered":"<p>P\u00ebr ish-missin Fran\u00e7eska Murati po aludohet se po kalon nj\u00eb kriz\u00eb n\u00eb marr\u00ebdh\u00ebnien e saj me bashk\u00ebshortin. Me an\u00eb t\u00eb nj\u00eb \u201cAsk me questions\u201d modelja p\u00ebrve\u00e7 se&#8230; <\/p>\n","protected":false},"author":1,"featured_media":24053,"comment_status":"open","ping_status":"open","sticky":false,"template":"","format":"standard","meta":{"footnotes":""},"categories":[6],"tags":[],"class_list":["post-24052","post","type-post","status-publish","format-standard","has-post-thumbnail","hentry","category-lajme"],"_links":{"self":[{"href":"https:\/\/new.findnews5.com\/index.php?rest_route=\/wp\/v2\/posts\/24052","targetHints":{"allow":["GET"]}}],"collection":[{"href":"https:\/\/new.findnews5.com\/index.php?rest_route=\/wp\/v2\/posts"}],"about":[{"href":"https:\/\/new.findnews5.com\/index.php?rest_route=\/wp\/v2\/types\/post"}],"author":[{"embeddable":true,"href":"https:\/\/new.findnews5.com\/index.php?rest_route=\/wp\/v2\/users\/1"}],"replies":[{"embeddable":true,"href":"https:\/\/new.findnews5.com\/index.php?rest_route=%2Fwp%2Fv2%2Fcomments&post=24052"}],"version-history":[{"count":1,"href":"https:\/\/new.findnews5.com\/index.php?rest_route=\/wp\/v2\/posts\/24052\/revisions"}],"predecessor-version":[{"id":24056,"href":"https:\/\/new.findnews5.com\/index.php?rest_route=\/wp\/v2\/posts\/24052\/revisions\/24056"}],"wp:featuredmedia":[{"embeddable":true,"href":"https:\/\/new.findnews5.com\/index.php?rest_route=\/wp\/v2\/media\/24053"}],"wp:attachment":[{"href":"https:\/\/new.findnews5.com\/index.php?rest_route=%2Fwp%2Fv2%2Fmedia&parent=24052"}],"wp:term":[{"taxonomy":"category","embeddable":true,"href":"https:\/\/new.findnews5.com\/index.php?rest_route=%2Fwp%2Fv2%2Fcategories&post=24052"},{"taxonomy":"post_tag","embeddable":true,"href":"https:\/\/new.findnews5.com\/index.php?rest_route=%2Fwp%2Fv2%2Ftags&post=24052"}],"curies":[{"name":"wp","href":"https:\/\/api.w.org\/{rel}","templated":true}]}}