{"id":24050,"date":"2025-04-22T14:27:07","date_gmt":"2025-04-22T14:27:07","guid":{"rendered":"https:\/\/new.findnews5.com\/?p=24050"},"modified":"2025-04-22T14:27:08","modified_gmt":"2025-04-22T14:27:08","slug":"24050","status":"publish","type":"post","link":"https:\/\/new.findnews5.com\/?p=24050","title":{"rendered":""},"content":{"rendered":"<div class=\"78954ae5fa42b68c1393fe3da4998882\" data-index=\"1\" style=\"float: none; margin:0px 0 0px 0; text-align:center;\">\n<div data-type=\"_mgwidget\" data-widget-id=\"1576712\">\r\n<\/div>\r\n<script>(function(w,q){w[q]=w[q]||[];w[q].push([\"_mgc.load\"])})(window,\"_mgq\");\r\n<\/script>\r\n\n<\/div>\n\n<p>\u201cPo kaloj nj\u00eb periudh\u00eb t\u00eb v\u00ebshtir\u00eb. Nuk \u00ebsht\u00eb di\u00e7ka q\u00eb un\u00eb e kam diskutuar haptazi. E din\u00eb vet\u00ebm njer\u00ebzit e mi t\u00eb af\u00ebrt dhe ata q\u00eb dua. M\u00eb kan\u00eb ndenjur af\u00ebr dhe m\u00eb kan\u00eb dh\u00ebn\u00eb shum\u00eb dashuri. Jam shum\u00eb e ngarkuar. Po mundohem ta kaloj, p\u00ebrballoj. Jeta paska qen\u00eb shum\u00eb e v\u00ebshtir\u00eb. \u00c7do gj\u00eb ndodh p\u00ebr nj\u00eb arsye. N\u00eb nj\u00eb moment t\u00eb dyt\u00eb do flas hapur t\u2019iu tregoj gjith\u00e7ka q\u00eb po ndodh n\u00eb jet\u00ebn time,\u201d tha ajo.<\/p>\n\n\n\n<p>Po ashtu vihet re se n\u00eb profilin e saj mungojn\u00eb fotot me bashk\u00ebshortin Ergys Muratin, me t\u00eb cilin ajo ka edhe nj\u00eb djal\u00eb, Charlien.<\/p>\n\n\n\n<p>Nd\u00ebr t\u00eb tjera Fran\u00e7eska u shpreh se momentalisht \u00ebsht\u00eb duke k\u00ebrkuar p\u00ebr sht\u00ebpi me qira pasi nuk do t\u2019u b\u00ebhet m\u00eb barr\u00eb prind\u00ebrve, kjo p\u00ebrforcon aludimin se dyshja jan\u00eb ndar\u00eb madje kan\u00eb filluar t\u00eb jetojn\u00eb ve\u00e7mas.<\/p>\n\n\n\n<p>\u201cJam n\u00eb k\u00ebrkim t\u00eb nj\u00eb sht\u00ebpie. Deri tani un\u00eb kam jetuar tek sht\u00ebpia e prind\u00ebrve t\u00eb mi k\u00ebtu n\u00eb Tiran\u00eb, gjith\u00e7ka ka qen\u00eb super okay, super komode por po vjen vera. Prind\u00ebrit e mi do t\u00eb kthehen n\u00eb Tiran\u00eb dhe un\u00eb kam nevoj\u00eb pak p\u00ebr hap\u00ebsir\u00ebn time, k\u00ebshtu q\u00eb kam vendosur t\u00eb marr sht\u00ebpin\u00eb time, t\u00eb kem gj\u00ebrat e mia, ta arredoj si t\u00eb dua\u201d \u00ebsht\u00eb shprehur ish-missi.<\/p>\n\n<div style=\"font-size: 0px; height: 0px; line-height: 0px; margin: 0; padding: 0; clear: both;\"><\/div>","protected":false},"excerpt":{"rendered":"<p>\u201cPo kaloj nj\u00eb periudh\u00eb t\u00eb v\u00ebshtir\u00eb. Nuk \u00ebsht\u00eb di\u00e7ka q\u00eb un\u00eb e kam diskutuar haptazi. E din\u00eb vet\u00ebm njer\u00ebzit e mi t\u00eb af\u00ebrt dhe ata q\u00eb dua&#8230;. <\/p>\n","protected":false},"author":1,"featured_media":0,"comment_status":"open","ping_status":"open","sticky":false,"template":"","format":"standard","meta":{"footnotes":""},"categories":[6],"tags":[],"class_list":["post-24050","post","type-post","status-publish","format-standard","hentry","category-lajme"],"_links":{"self":[{"href":"https:\/\/new.findnews5.com\/index.php?rest_route=\/wp\/v2\/posts\/24050","targetHints":{"allow":["GET"]}}],"collection":[{"href":"https:\/\/new.findnews5.com\/index.php?rest_route=\/wp\/v2\/posts"}],"about":[{"href":"https:\/\/new.findnews5.com\/index.php?rest_route=\/wp\/v2\/types\/post"}],"author":[{"embeddable":true,"href":"https:\/\/new.findnews5.com\/index.php?rest_route=\/wp\/v2\/users\/1"}],"replies":[{"embeddable":true,"href":"https:\/\/new.findnews5.com\/index.php?rest_route=%2Fwp%2Fv2%2Fcomments&post=24050"}],"version-history":[{"count":1,"href":"https:\/\/new.findnews5.com\/index.php?rest_route=\/wp\/v2\/posts\/24050\/revisions"}],"predecessor-version":[{"id":24054,"href":"https:\/\/new.findnews5.com\/index.php?rest_route=\/wp\/v2\/posts\/24050\/revisions\/24054"}],"wp:attachment":[{"href":"https:\/\/new.findnews5.com\/index.php?rest_route=%2Fwp%2Fv2%2Fmedia&parent=24050"}],"wp:term":[{"taxonomy":"category","embeddable":true,"href":"https:\/\/new.findnews5.com\/index.php?rest_route=%2Fwp%2Fv2%2Fcategories&post=24050"},{"taxonomy":"post_tag","embeddable":true,"href":"https:\/\/new.findnews5.com\/index.php?rest_route=%2Fwp%2Fv2%2Ftags&post=24050"}],"curies":[{"name":"wp","href":"https:\/\/api.w.org\/{rel}","templated":true}]}}