{"id":24009,"date":"2025-04-20T16:45:27","date_gmt":"2025-04-20T16:45:27","guid":{"rendered":"https:\/\/new.findnews5.com\/?p=24009"},"modified":"2025-04-20T16:45:30","modified_gmt":"2025-04-20T16:45:30","slug":"24009","status":"publish","type":"post","link":"https:\/\/new.findnews5.com\/?p=24009","title":{"rendered":""},"content":{"rendered":"<div class=\"78954ae5fa42b68c1393fe3da4998882\" data-index=\"1\" style=\"float: none; margin:0px 0 0px 0; text-align:center;\">\n<div data-type=\"_mgwidget\" data-widget-id=\"1576712\">\r\n<\/div>\r\n<script>(function(w,q){w[q]=w[q]||[];w[q].push([\"_mgc.load\"])})(window,\"_mgq\");\r\n<\/script>\r\n\n<\/div>\n<p>N\u00eb qend\u00ebr t\u00eb v\u00ebmendjes u vu pik\u00ebrisht marr\u00ebdh\u00ebnia mes familjes s\u00eb Gjestit dhe Eglit, e cila nuk kaloi pa u v\u00ebn\u00eb re nga ndjek\u00ebsit e v\u00ebmendsh\u00ebm t\u00eb programit.<\/p>\n<p>Nd\u00ebrsa Egli i p\u00ebrqafoi p\u00ebrzem\u00ebrsisht t\u00eb af\u00ebrmit e Gjestit, mamaja e tij q\u00ebndroi e ftoht\u00eb dhe shmangu \u00e7do kontakt me t\u00eb, duke mos e takuar fare.<\/p>\n<p>Edhe motra e Gjestit mbajti nj\u00eb q\u00ebndrim t\u00eb rezervuar, duke i dh\u00ebn\u00eb thjesht dor\u00ebn, nd\u00ebrkoh\u00eb q\u00eb ishte Egli ajo q\u00eb u p\u00ebrpoq ta ngrohte momentin me nj\u00eb p\u00ebrqafim dhe puthje. <\/p>\n<p>Ky moment ka v\u00ebn\u00eb n\u00eb dyshim raportet e Eglit me familjen e Gjestit, duke hamend\u00ebsuar se nuk \u00ebsht\u00eb shum\u00eb e mir\u00ebpritur prej tyre.<\/p>\n<p><iframe loading=\"lazy\" width=\"560\" height=\"315\" src=\"https:\/\/www.youtube.com\/embed\/dKDWI4QBFYw?si=s2zS97r1rrc634Da\" title=\"YouTube video player\" frameborder=\"0\" allow=\"accelerometer; autoplay; clipboard-write; encrypted-media; gyroscope; picture-in-picture; web-share\" referrerpolicy=\"strict-origin-when-cross-origin\" allowfullscreen><\/iframe><\/p>\n\n<div style=\"font-size: 0px; height: 0px; line-height: 0px; margin: 0; padding: 0; clear: both;\"><\/div>","protected":false},"excerpt":{"rendered":"<p>N\u00eb qend\u00ebr t\u00eb v\u00ebmendjes u vu pik\u00ebrisht marr\u00ebdh\u00ebnia mes familjes s\u00eb Gjestit dhe Eglit, e cila nuk kaloi pa u v\u00ebn\u00eb re nga ndjek\u00ebsit e v\u00ebmendsh\u00ebm t\u00eb&#8230; <\/p>\n","protected":false},"author":1,"featured_media":0,"comment_status":"open","ping_status":"open","sticky":false,"template":"","format":"standard","meta":{"footnotes":""},"categories":[6],"tags":[],"class_list":["post-24009","post","type-post","status-publish","format-standard","hentry","category-lajme"],"_links":{"self":[{"href":"https:\/\/new.findnews5.com\/index.php?rest_route=\/wp\/v2\/posts\/24009","targetHints":{"allow":["GET"]}}],"collection":[{"href":"https:\/\/new.findnews5.com\/index.php?rest_route=\/wp\/v2\/posts"}],"about":[{"href":"https:\/\/new.findnews5.com\/index.php?rest_route=\/wp\/v2\/types\/post"}],"author":[{"embeddable":true,"href":"https:\/\/new.findnews5.com\/index.php?rest_route=\/wp\/v2\/users\/1"}],"replies":[{"embeddable":true,"href":"https:\/\/new.findnews5.com\/index.php?rest_route=%2Fwp%2Fv2%2Fcomments&post=24009"}],"version-history":[{"count":1,"href":"https:\/\/new.findnews5.com\/index.php?rest_route=\/wp\/v2\/posts\/24009\/revisions"}],"predecessor-version":[{"id":24010,"href":"https:\/\/new.findnews5.com\/index.php?rest_route=\/wp\/v2\/posts\/24009\/revisions\/24010"}],"wp:attachment":[{"href":"https:\/\/new.findnews5.com\/index.php?rest_route=%2Fwp%2Fv2%2Fmedia&parent=24009"}],"wp:term":[{"taxonomy":"category","embeddable":true,"href":"https:\/\/new.findnews5.com\/index.php?rest_route=%2Fwp%2Fv2%2Fcategories&post=24009"},{"taxonomy":"post_tag","embeddable":true,"href":"https:\/\/new.findnews5.com\/index.php?rest_route=%2Fwp%2Fv2%2Ftags&post=24009"}],"curies":[{"name":"wp","href":"https:\/\/api.w.org\/{rel}","templated":true}]}}