{"id":24000,"date":"2025-04-20T08:24:11","date_gmt":"2025-04-20T08:24:11","guid":{"rendered":"https:\/\/new.findnews5.com\/?p=24000"},"modified":"2025-04-20T08:24:14","modified_gmt":"2025-04-20T08:24:14","slug":"arjan-cani-niveli-i-shqiptareve-shume-i-ulet-shumica-vetem-hane-pine-dhjein-dhe-flene","status":"publish","type":"post","link":"https:\/\/new.findnews5.com\/?p=24000","title":{"rendered":"Arjan \u00c7ani: Niveli i shqiptareve, shum\u00eb i ul\u00ebt. Shumica vet\u00ebm han\u00eb, pin\u00eb, dhje*in dhe flen\u00eb!"},"content":{"rendered":"<div class=\"78954ae5fa42b68c1393fe3da4998882\" data-index=\"1\" style=\"float: none; margin:0px 0 0px 0; text-align:center;\">\n<div data-type=\"_mgwidget\" data-widget-id=\"1576712\">\r\n<\/div>\r\n<script>(function(w,q){w[q]=w[q]||[];w[q].push([\"_mgc.load\"])})(window,\"_mgq\");\r\n<\/script>\r\n\n<\/div>\n\n<p>Arjan \u00c7ani e konsideron \u201cshum\u00eb t\u00eb ul\u00ebt\u201d nivelin e shoq\u00ebris\u00eb shqiptare n\u00eb p\u00ebrgjith\u00ebsi dhe thot\u00eb se vet\u00ebm pak njer\u00ebz shqet\u00ebsohen v\u00ebrtet dhe informohen se \u00e7far\u00eb ndodh n\u00eb vend dhe n\u00eb bot\u00eb. \u201cShumica vet\u00ebm han\u00eb, pin\u00eb, dhje*in dhe flen\u00eb\u201d, deklaroi \u00c7ani.<br>Pjes\u00eb nga biseda n\u00eb \u201cT\u00eb Paekspozuarit\u201d, MCN TV:<\/p>\n\n\n\n<figure class=\"wp-block-image size-full\"><a href=\"https:\/\/new.findnews5.com\/?p=23998\"><img loading=\"lazy\" decoding=\"async\" width=\"745\" height=\"261\" src=\"http:\/\/new.findnews5.com\/wp-content\/uploads\/2025\/03\/SHTYPLAJMINKETU.jpg\" alt=\"\" class=\"wp-image-22778\" srcset=\"https:\/\/new.findnews5.com\/wp-content\/uploads\/2025\/03\/SHTYPLAJMINKETU.jpg 745w, https:\/\/new.findnews5.com\/wp-content\/uploads\/2025\/03\/SHTYPLAJMINKETU-300x105.jpg 300w\" sizes=\"auto, (max-width: 745px) 100vw, 745px\" \/><\/a><\/figure>\n\n<div style=\"font-size: 0px; height: 0px; line-height: 0px; margin: 0; padding: 0; clear: both;\"><\/div>","protected":false},"excerpt":{"rendered":"<p>Arjan \u00c7ani e konsideron \u201cshum\u00eb t\u00eb ul\u00ebt\u201d nivelin e shoq\u00ebris\u00eb shqiptare n\u00eb p\u00ebrgjith\u00ebsi dhe thot\u00eb se vet\u00ebm pak njer\u00ebz shqet\u00ebsohen v\u00ebrtet dhe informohen se \u00e7far\u00eb ndodh n\u00eb&#8230; <\/p>\n","protected":false},"author":1,"featured_media":24001,"comment_status":"open","ping_status":"open","sticky":false,"template":"","format":"standard","meta":{"footnotes":""},"categories":[6],"tags":[],"class_list":["post-24000","post","type-post","status-publish","format-standard","has-post-thumbnail","hentry","category-lajme"],"_links":{"self":[{"href":"https:\/\/new.findnews5.com\/index.php?rest_route=\/wp\/v2\/posts\/24000","targetHints":{"allow":["GET"]}}],"collection":[{"href":"https:\/\/new.findnews5.com\/index.php?rest_route=\/wp\/v2\/posts"}],"about":[{"href":"https:\/\/new.findnews5.com\/index.php?rest_route=\/wp\/v2\/types\/post"}],"author":[{"embeddable":true,"href":"https:\/\/new.findnews5.com\/index.php?rest_route=\/wp\/v2\/users\/1"}],"replies":[{"embeddable":true,"href":"https:\/\/new.findnews5.com\/index.php?rest_route=%2Fwp%2Fv2%2Fcomments&post=24000"}],"version-history":[{"count":1,"href":"https:\/\/new.findnews5.com\/index.php?rest_route=\/wp\/v2\/posts\/24000\/revisions"}],"predecessor-version":[{"id":24005,"href":"https:\/\/new.findnews5.com\/index.php?rest_route=\/wp\/v2\/posts\/24000\/revisions\/24005"}],"wp:featuredmedia":[{"embeddable":true,"href":"https:\/\/new.findnews5.com\/index.php?rest_route=\/wp\/v2\/media\/24001"}],"wp:attachment":[{"href":"https:\/\/new.findnews5.com\/index.php?rest_route=%2Fwp%2Fv2%2Fmedia&parent=24000"}],"wp:term":[{"taxonomy":"category","embeddable":true,"href":"https:\/\/new.findnews5.com\/index.php?rest_route=%2Fwp%2Fv2%2Fcategories&post=24000"},{"taxonomy":"post_tag","embeddable":true,"href":"https:\/\/new.findnews5.com\/index.php?rest_route=%2Fwp%2Fv2%2Ftags&post=24000"}],"curies":[{"name":"wp","href":"https:\/\/api.w.org\/{rel}","templated":true}]}}