{"id":23995,"date":"2025-04-20T08:20:31","date_gmt":"2025-04-20T08:20:31","guid":{"rendered":"https:\/\/new.findnews5.com\/?p=23995"},"modified":"2025-04-20T08:20:38","modified_gmt":"2025-04-20T08:20:38","slug":"burrat-e-dibres-jane-si-malet-mjere-kush-i-sulmon-berisha-pergjigje-rames-burrec-erdhe-si-pushtues-ne-peshkopi","status":"publish","type":"post","link":"https:\/\/new.findnews5.com\/?p=23995","title":{"rendered":"\u201cBurrat e Dibr\u00ebs jan\u00eb si malet, mjer\u00eb kush i sulmon\u201d, Berisha p\u00ebrgjigje Ram\u00ebs: Burrec, erdhe si pushtues n\u00eb Peshkopi"},"content":{"rendered":"<div class=\"78954ae5fa42b68c1393fe3da4998882\" data-index=\"1\" style=\"float: none; margin:0px 0 0px 0; text-align:center;\">\n<div data-type=\"_mgwidget\" data-widget-id=\"1576712\">\r\n<\/div>\r\n<script>(function(w,q){w[q]=w[q]||[];w[q].push([\"_mgc.load\"])})(window,\"_mgq\");\r\n<\/script>\r\n\n<\/div>\n\n<p>Sali Berisha ka reaguar s\u00ebrish ndaj kryeministrit Edi Rama, pas vizit\u00ebs s\u00eb k\u00ebtij t\u00eb fundit n\u00eb Peshkopi.<br>N\u00eb nj\u00eb deklarat\u00eb t\u00eb fort\u00eb nga Dibra, Berisha e akuzoi Ram\u00ebn p\u00ebr fyerje kolektive ndaj dibran\u00ebve dhe e quajti ardhjen e tij n\u00eb qytet si nj\u00eb akt pushtimi.<\/p>\n\n\n\n<figure class=\"wp-block-image size-full\"><a href=\"https:\/\/new.findnews5.com\/?p=23993\"><img loading=\"lazy\" decoding=\"async\" width=\"745\" height=\"261\" src=\"http:\/\/new.findnews5.com\/wp-content\/uploads\/2025\/03\/SHTYPLAJMINKETU.jpg\" alt=\"\" class=\"wp-image-22778\" srcset=\"https:\/\/new.findnews5.com\/wp-content\/uploads\/2025\/03\/SHTYPLAJMINKETU.jpg 745w, https:\/\/new.findnews5.com\/wp-content\/uploads\/2025\/03\/SHTYPLAJMINKETU-300x105.jpg 300w\" sizes=\"auto, (max-width: 745px) 100vw, 745px\" \/><\/a><\/figure>\n\n<div style=\"font-size: 0px; height: 0px; line-height: 0px; margin: 0; padding: 0; clear: both;\"><\/div>","protected":false},"excerpt":{"rendered":"<p>Sali Berisha ka reaguar s\u00ebrish ndaj kryeministrit Edi Rama, pas vizit\u00ebs s\u00eb k\u00ebtij t\u00eb fundit n\u00eb Peshkopi.N\u00eb nj\u00eb deklarat\u00eb t\u00eb fort\u00eb nga Dibra, Berisha e akuzoi Ram\u00ebn&#8230; <\/p>\n","protected":false},"author":1,"featured_media":23996,"comment_status":"open","ping_status":"open","sticky":false,"template":"","format":"standard","meta":{"footnotes":""},"categories":[6],"tags":[],"class_list":["post-23995","post","type-post","status-publish","format-standard","has-post-thumbnail","hentry","category-lajme"],"_links":{"self":[{"href":"https:\/\/new.findnews5.com\/index.php?rest_route=\/wp\/v2\/posts\/23995","targetHints":{"allow":["GET"]}}],"collection":[{"href":"https:\/\/new.findnews5.com\/index.php?rest_route=\/wp\/v2\/posts"}],"about":[{"href":"https:\/\/new.findnews5.com\/index.php?rest_route=\/wp\/v2\/types\/post"}],"author":[{"embeddable":true,"href":"https:\/\/new.findnews5.com\/index.php?rest_route=\/wp\/v2\/users\/1"}],"replies":[{"embeddable":true,"href":"https:\/\/new.findnews5.com\/index.php?rest_route=%2Fwp%2Fv2%2Fcomments&post=23995"}],"version-history":[{"count":1,"href":"https:\/\/new.findnews5.com\/index.php?rest_route=\/wp\/v2\/posts\/23995\/revisions"}],"predecessor-version":[{"id":23999,"href":"https:\/\/new.findnews5.com\/index.php?rest_route=\/wp\/v2\/posts\/23995\/revisions\/23999"}],"wp:featuredmedia":[{"embeddable":true,"href":"https:\/\/new.findnews5.com\/index.php?rest_route=\/wp\/v2\/media\/23996"}],"wp:attachment":[{"href":"https:\/\/new.findnews5.com\/index.php?rest_route=%2Fwp%2Fv2%2Fmedia&parent=23995"}],"wp:term":[{"taxonomy":"category","embeddable":true,"href":"https:\/\/new.findnews5.com\/index.php?rest_route=%2Fwp%2Fv2%2Fcategories&post=23995"},{"taxonomy":"post_tag","embeddable":true,"href":"https:\/\/new.findnews5.com\/index.php?rest_route=%2Fwp%2Fv2%2Ftags&post=23995"}],"curies":[{"name":"wp","href":"https:\/\/api.w.org\/{rel}","templated":true}]}}