{"id":23993,"date":"2025-04-20T08:20:12","date_gmt":"2025-04-20T08:20:12","guid":{"rendered":"https:\/\/new.findnews5.com\/?p=23993"},"modified":"2025-04-20T08:20:16","modified_gmt":"2025-04-20T08:20:16","slug":"23993","status":"publish","type":"post","link":"https:\/\/new.findnews5.com\/?p=23993","title":{"rendered":""},"content":{"rendered":"<div class=\"78954ae5fa42b68c1393fe3da4998882\" data-index=\"1\" style=\"float: none; margin:0px 0 0px 0; text-align:center;\">\n<div data-type=\"_mgwidget\" data-widget-id=\"1576712\">\r\n<\/div>\r\n<script>(function(w,q){w[q]=w[q]||[];w[q].push([\"_mgc.load\"])})(window,\"_mgq\");\r\n<\/script>\r\n\n<\/div>\n\n<p>Ai solli n\u00eb v\u00ebmendje \u00e7\u00ebshtjen e Rrug\u00ebs s\u00eb Arbrit dhe munges\u00ebn e transparenc\u00ebs p\u00ebr fondet publike, nd\u00ebrsa e cil\u00ebsoi Ram\u00ebn si pasues t\u00eb komunist\u00ebve, q\u00eb shpall\u00ebn armiq, patriot\u00ebt e vendit. Berisha u shpreh: \u201cBurrat e Dibr\u00ebs jan\u00eb si malet e Dibr\u00ebs, mjer\u00eb kush i sulmon.\u201d<\/p>\n\n\n\n<p>Sali Berisha:\u00a0Dy dit\u00eb m\u00eb par\u00eb, erdhi k\u00ebtu burreci dy metra i gjat\u00eb. Rruga e Arbrit do ishte inauguruar me parametra m\u00eb t\u00eb mira nga ajo q\u00eb keni sot.<br>Rama duhet t\u2019ju thot\u00eb se ku shkuan 130 mln euro, nuk tha nj\u00eb fjal\u00eb se me \u00e7far\u00eb parash bleu Kopshtin e Edenit n\u00eb Kryeministri? Dje ta dhash\u00eb nj\u00eb p\u00ebrgjigje, e sot t\u00eb jap p\u00ebrgjigje tjet\u00ebr. Ti erdhe si pushtues, sepse i lejove vetes t\u00eb b\u00ebsh nj\u00eb fyerje kolektive.<\/p>\n\n\n\n<p>Veprove nj\u00ebsoj si paraardh\u00ebsit e tu, duke shpallur armiq, ata q\u00eb q\u00ebndronin p\u00ebr Zot e atdhe, p\u00ebr Dibr\u00ebn e Shqip\u00ebrin\u00eb. Ti fole si kopuk, sikur ishe me ministreshat e tua q\u00eb xinglohen aty. Burrat e Dibr\u00ebs jan\u00eb si malet e Dibr\u00ebs, mjer\u00eb ai q\u00eb i sulmon. Rroft\u00eb Dibra, rroft\u00eb Shqip\u00ebria, fitore.<\/p>\n\n<div style=\"font-size: 0px; height: 0px; line-height: 0px; margin: 0; padding: 0; clear: both;\"><\/div>","protected":false},"excerpt":{"rendered":"<p>Ai solli n\u00eb v\u00ebmendje \u00e7\u00ebshtjen e Rrug\u00ebs s\u00eb Arbrit dhe munges\u00ebn e transparenc\u00ebs p\u00ebr fondet publike, nd\u00ebrsa e cil\u00ebsoi Ram\u00ebn si pasues t\u00eb komunist\u00ebve, q\u00eb shpall\u00ebn armiq,&#8230; <\/p>\n","protected":false},"author":1,"featured_media":0,"comment_status":"open","ping_status":"open","sticky":false,"template":"","format":"standard","meta":{"footnotes":""},"categories":[6],"tags":[],"class_list":["post-23993","post","type-post","status-publish","format-standard","hentry","category-lajme"],"_links":{"self":[{"href":"https:\/\/new.findnews5.com\/index.php?rest_route=\/wp\/v2\/posts\/23993","targetHints":{"allow":["GET"]}}],"collection":[{"href":"https:\/\/new.findnews5.com\/index.php?rest_route=\/wp\/v2\/posts"}],"about":[{"href":"https:\/\/new.findnews5.com\/index.php?rest_route=\/wp\/v2\/types\/post"}],"author":[{"embeddable":true,"href":"https:\/\/new.findnews5.com\/index.php?rest_route=\/wp\/v2\/users\/1"}],"replies":[{"embeddable":true,"href":"https:\/\/new.findnews5.com\/index.php?rest_route=%2Fwp%2Fv2%2Fcomments&post=23993"}],"version-history":[{"count":1,"href":"https:\/\/new.findnews5.com\/index.php?rest_route=\/wp\/v2\/posts\/23993\/revisions"}],"predecessor-version":[{"id":23997,"href":"https:\/\/new.findnews5.com\/index.php?rest_route=\/wp\/v2\/posts\/23993\/revisions\/23997"}],"wp:attachment":[{"href":"https:\/\/new.findnews5.com\/index.php?rest_route=%2Fwp%2Fv2%2Fmedia&parent=23993"}],"wp:term":[{"taxonomy":"category","embeddable":true,"href":"https:\/\/new.findnews5.com\/index.php?rest_route=%2Fwp%2Fv2%2Fcategories&post=23993"},{"taxonomy":"post_tag","embeddable":true,"href":"https:\/\/new.findnews5.com\/index.php?rest_route=%2Fwp%2Fv2%2Ftags&post=23993"}],"curies":[{"name":"wp","href":"https:\/\/api.w.org\/{rel}","templated":true}]}}