{"id":23983,"date":"2025-04-20T08:09:50","date_gmt":"2025-04-20T08:09:50","guid":{"rendered":"https:\/\/new.findnews5.com\/?p=23983"},"modified":"2025-04-20T08:09:54","modified_gmt":"2025-04-20T08:09:54","slug":"23983","status":"publish","type":"post","link":"https:\/\/new.findnews5.com\/?p=23983","title":{"rendered":""},"content":{"rendered":"<div class=\"78954ae5fa42b68c1393fe3da4998882\" data-index=\"1\" style=\"float: none; margin:0px 0 0px 0; text-align:center;\">\n<div data-type=\"_mgwidget\" data-widget-id=\"1576712\">\r\n<\/div>\r\n<script>(function(w,q){w[q]=w[q]||[];w[q].push([\"_mgc.load\"])})(window,\"_mgq\");\r\n<\/script>\r\n\n<\/div>\n\n<p>N\u00eb 31 Mars 2025, nd\u00ebrmjet\u00ebsuesja Eni \u00c7obani, ka mar\u00eb nj\u00eb mas\u00eb disiplinore \u201cV\u00ebrejtje me shkrim\u201d, pasi nj\u00eb notere n\u00eb Fier e quajtur Flora Zoto, ishte ankuar kund\u00ebr saj.<br>Kjo mas\u00eb disiplinore m\u00ebsohet se do kund\u00ebrshtohet nga \u00c7obani n\u00eb Gjykat\u00ebn Administrative.<\/p>\n\n\n\n<p>Vendimi p\u00ebr vendosjen e mas\u00ebs disiplinore \u00ebsht\u00eb mar\u00eb nga Bordi, i p\u00ebrb\u00ebr\u00eb nga Kryerja e Bordit Alketa Elezi dhe tre an\u00ebtar\u00ebt Artur Bibaj, Flora Dedgjonaj dhe Aida Kume.<br>\u201c\u2026Bordi Disiplinor, pasi diskutoi gjetjet sipas raportit p\u00ebrfundimtar t\u00eb An\u00ebtarit Hetues Shaban Nexhi mbi ankes\u00ebn e Znj. Flora Zoto, s\u00eb bashku me propozimin e mas\u00ebs disiplinore p\u00ebr nd\u00ebrmjet\u00ebsen, Eni \u00c7obani, vendosi marjen e mas\u00ebs disiplinore \u201cV\u00ebrejtje me shkrim\u201d\u2026\u201d-thuhet n\u00eb vendimin e dat\u00ebs 31 Mars 2025.<\/p>\n\n\n\n<p>Pas k\u00ebtij vendimi Eni \u00c7obani me sa duket do shihet n\u00eb Gjyq me Dhom\u00ebn Komb\u00ebtare t\u00eb Nd\u00ebrmjet\u00ebsve t\u00eb Shqip\u00ebris\u00eb.<\/p>\n\n\n\n<p>Shtetas t\u00eb ndrysh\u00ebm e kan\u00eb akuzuar zonj\u00ebn \u00c7obani p\u00ebr k\u00ebrc\u00ebnime, shpifje dhe mashtrime, por ajo nuk \u00ebsht\u00eb gjetur fajtore.<\/p>\n\n<div style=\"font-size: 0px; height: 0px; line-height: 0px; margin: 0; padding: 0; clear: both;\"><\/div>","protected":false},"excerpt":{"rendered":"<p>N\u00eb 31 Mars 2025, nd\u00ebrmjet\u00ebsuesja Eni \u00c7obani, ka mar\u00eb nj\u00eb mas\u00eb disiplinore \u201cV\u00ebrejtje me shkrim\u201d, pasi nj\u00eb notere n\u00eb Fier e quajtur Flora Zoto, ishte ankuar kund\u00ebr&#8230; <\/p>\n","protected":false},"author":1,"featured_media":0,"comment_status":"open","ping_status":"open","sticky":false,"template":"","format":"standard","meta":{"footnotes":""},"categories":[6],"tags":[],"class_list":["post-23983","post","type-post","status-publish","format-standard","hentry","category-lajme"],"_links":{"self":[{"href":"https:\/\/new.findnews5.com\/index.php?rest_route=\/wp\/v2\/posts\/23983","targetHints":{"allow":["GET"]}}],"collection":[{"href":"https:\/\/new.findnews5.com\/index.php?rest_route=\/wp\/v2\/posts"}],"about":[{"href":"https:\/\/new.findnews5.com\/index.php?rest_route=\/wp\/v2\/types\/post"}],"author":[{"embeddable":true,"href":"https:\/\/new.findnews5.com\/index.php?rest_route=\/wp\/v2\/users\/1"}],"replies":[{"embeddable":true,"href":"https:\/\/new.findnews5.com\/index.php?rest_route=%2Fwp%2Fv2%2Fcomments&post=23983"}],"version-history":[{"count":1,"href":"https:\/\/new.findnews5.com\/index.php?rest_route=\/wp\/v2\/posts\/23983\/revisions"}],"predecessor-version":[{"id":23987,"href":"https:\/\/new.findnews5.com\/index.php?rest_route=\/wp\/v2\/posts\/23983\/revisions\/23987"}],"wp:attachment":[{"href":"https:\/\/new.findnews5.com\/index.php?rest_route=%2Fwp%2Fv2%2Fmedia&parent=23983"}],"wp:term":[{"taxonomy":"category","embeddable":true,"href":"https:\/\/new.findnews5.com\/index.php?rest_route=%2Fwp%2Fv2%2Fcategories&post=23983"},{"taxonomy":"post_tag","embeddable":true,"href":"https:\/\/new.findnews5.com\/index.php?rest_route=%2Fwp%2Fv2%2Ftags&post=23983"}],"curies":[{"name":"wp","href":"https:\/\/api.w.org\/{rel}","templated":true}]}}