{"id":23956,"date":"2025-04-19T10:30:55","date_gmt":"2025-04-19T10:30:55","guid":{"rendered":"https:\/\/new.findnews5.com\/?p=23956"},"modified":"2025-04-19T10:31:04","modified_gmt":"2025-04-19T10:31:04","slug":"23956","status":"publish","type":"post","link":"https:\/\/new.findnews5.com\/?p=23956","title":{"rendered":""},"content":{"rendered":"<div class=\"78954ae5fa42b68c1393fe3da4998882\" data-index=\"1\" style=\"float: none; margin:0px 0 0px 0; text-align:center;\">\n<div data-type=\"_mgwidget\" data-widget-id=\"1576712\">\r\n<\/div>\r\n<script>(function(w,q){w[q]=w[q]||[];w[q].push([\"_mgc.load\"])})(window,\"_mgq\");\r\n<\/script>\r\n\n<\/div>\n\n<p>N\u00eb p\u00ebrgjigje t\u00eb nj\u00eb komentuesi, Zebervoki u shpreh: \u201cUn\u00eb nuk po nxis urrejtje, por jam kund\u00ebr p\u00ebr\u00e7arjeve q\u00eb po b\u00ebhen. Hajde zhduku!\u201d<\/p>\n\n\n\n<figure class=\"wp-block-image\"><img decoding=\"async\" src=\"https:\/\/orainfo.net\/wp-content\/uploads\/2025\/04\/zabervoki1.jpg\" alt=\"\" class=\"wp-image-736908\"\/><\/figure>\n\n\n\n<p>Ai vazhdimisht merrte komente si \u201cHajde n\u00eb Kosov\u00eb\u201d, ndaj t\u00eb cilave reagoi i irrituar: \u201cMos m\u00eb b\u00ebni t\u00eb kap motorin dhe t\u00eb nisem, se lat\u00eb nam! Na \u00e7at ***!\u201d<\/p>\n\n\n\n<p>Nj\u00eb komentues shkoi m\u00eb tej, duke e cil\u00ebsuar incidentin si nj\u00eb \u201ctradhti nga shqiptar\u00ebt e Shqip\u00ebris\u00eb\u201d.<\/p>\n\n\n\n<p>Zebervoki u p\u00ebrgjigj me ironi: \u201cPo t\u00eb b\u00ebhet lufta, le t\u2019ju mbrojn\u00eb meshkujt si Gjesti!\u201d<\/p>\n\n\n\n<p>I irrituar nga toni i diskutimeve dhe p\u00ebr\u00e7arja q\u00eb po nxitej n\u00eb komente, Zebervoki theksoi se ky nuk ishte aspak q\u00ebllimi i tij kur vendosi t\u00eb hynte live.<\/p>\n\n\n\n<p>Ai nd\u00ebrpren transmetimin, pasi mori komente t\u00eb vazhdueshme q\u00eb nxisnin urrejtje e p\u00ebrqarje dhe ky nuk ishte q\u00ebllimi i Zeb\u00ebrvokit.<\/p>\n\n<div style=\"font-size: 0px; height: 0px; line-height: 0px; margin: 0; padding: 0; clear: both;\"><\/div>","protected":false},"excerpt":{"rendered":"<p>N\u00eb p\u00ebrgjigje t\u00eb nj\u00eb komentuesi, Zebervoki u shpreh: \u201cUn\u00eb nuk po nxis urrejtje, por jam kund\u00ebr p\u00ebr\u00e7arjeve q\u00eb po b\u00ebhen. Hajde zhduku!\u201d Ai vazhdimisht merrte komente si&#8230; <\/p>\n","protected":false},"author":1,"featured_media":0,"comment_status":"open","ping_status":"open","sticky":false,"template":"","format":"standard","meta":{"footnotes":""},"categories":[6],"tags":[],"class_list":["post-23956","post","type-post","status-publish","format-standard","hentry","category-lajme"],"_links":{"self":[{"href":"https:\/\/new.findnews5.com\/index.php?rest_route=\/wp\/v2\/posts\/23956","targetHints":{"allow":["GET"]}}],"collection":[{"href":"https:\/\/new.findnews5.com\/index.php?rest_route=\/wp\/v2\/posts"}],"about":[{"href":"https:\/\/new.findnews5.com\/index.php?rest_route=\/wp\/v2\/types\/post"}],"author":[{"embeddable":true,"href":"https:\/\/new.findnews5.com\/index.php?rest_route=\/wp\/v2\/users\/1"}],"replies":[{"embeddable":true,"href":"https:\/\/new.findnews5.com\/index.php?rest_route=%2Fwp%2Fv2%2Fcomments&post=23956"}],"version-history":[{"count":1,"href":"https:\/\/new.findnews5.com\/index.php?rest_route=\/wp\/v2\/posts\/23956\/revisions"}],"predecessor-version":[{"id":23960,"href":"https:\/\/new.findnews5.com\/index.php?rest_route=\/wp\/v2\/posts\/23956\/revisions\/23960"}],"wp:attachment":[{"href":"https:\/\/new.findnews5.com\/index.php?rest_route=%2Fwp%2Fv2%2Fmedia&parent=23956"}],"wp:term":[{"taxonomy":"category","embeddable":true,"href":"https:\/\/new.findnews5.com\/index.php?rest_route=%2Fwp%2Fv2%2Fcategories&post=23956"},{"taxonomy":"post_tag","embeddable":true,"href":"https:\/\/new.findnews5.com\/index.php?rest_route=%2Fwp%2Fv2%2Ftags&post=23956"}],"curies":[{"name":"wp","href":"https:\/\/api.w.org\/{rel}","templated":true}]}}