{"id":23936,"date":"2025-04-18T17:08:44","date_gmt":"2025-04-18T17:08:44","guid":{"rendered":"https:\/\/new.findnews5.com\/?p=23936"},"modified":"2025-04-18T17:08:47","modified_gmt":"2025-04-18T17:08:47","slug":"luiz-ejlli-flet-per-rekordet-me-ne-fund-e-pranoi-per-gjestin","status":"publish","type":"post","link":"https:\/\/new.findnews5.com\/?p=23936","title":{"rendered":"Luiz Ejlli flet p\u00ebr rekordet, m\u00eb n\u00eb fund e pranoi p\u00ebr Gjestin\u2026??"},"content":{"rendered":"<div class=\"78954ae5fa42b68c1393fe3da4998882\" data-index=\"1\" style=\"float: none; margin:0px 0 0px 0; text-align:center;\">\n<div data-type=\"_mgwidget\" data-widget-id=\"1576712\">\r\n<\/div>\r\n<script>(function(w,q){w[q]=w[q]||[];w[q].push([\"_mgc.load\"])})(window,\"_mgq\");\r\n<\/script>\r\n\n<\/div>\n\n<p>Sipas nj\u00eb artikulli t\u00eb publikuar m\u00eb 3 shkurt 2025 n\u00eb \u201cKosovarja\u201d, k\u00ebng\u00ebtari dhe fituesi i edicionit t\u00eb dyt\u00eb t\u00eb \u201cBig Brother VIP Albania\u201d, Luiz Ejlli, ka folur p\u00ebr thyerjen e rekordeve n\u00eb karrier\u00ebn e tij. N\u00eb nj\u00eb emision, Luizi \u00ebsht\u00eb shprehur:<\/p>\n\n\n\n<figure class=\"wp-block-image size-full\"><a href=\"https:\/\/new.findnews5.com\/?p=23937\"><img loading=\"lazy\" decoding=\"async\" width=\"745\" height=\"261\" src=\"http:\/\/new.findnews5.com\/wp-content\/uploads\/2025\/03\/SHTYPLAJMINKETU.jpg\" alt=\"\" class=\"wp-image-22778\" srcset=\"https:\/\/new.findnews5.com\/wp-content\/uploads\/2025\/03\/SHTYPLAJMINKETU.jpg 745w, https:\/\/new.findnews5.com\/wp-content\/uploads\/2025\/03\/SHTYPLAJMINKETU-300x105.jpg 300w\" sizes=\"auto, (max-width: 745px) 100vw, 745px\" \/><\/a><\/figure>\n\n<div style=\"font-size: 0px; height: 0px; line-height: 0px; margin: 0; padding: 0; clear: both;\"><\/div>","protected":false},"excerpt":{"rendered":"<p>Sipas nj\u00eb artikulli t\u00eb publikuar m\u00eb 3 shkurt 2025 n\u00eb \u201cKosovarja\u201d, k\u00ebng\u00ebtari dhe fituesi i edicionit t\u00eb dyt\u00eb t\u00eb \u201cBig Brother VIP Albania\u201d, Luiz Ejlli, ka folur&#8230; <\/p>\n","protected":false},"author":1,"featured_media":23938,"comment_status":"open","ping_status":"open","sticky":false,"template":"","format":"standard","meta":{"footnotes":""},"categories":[6],"tags":[],"class_list":["post-23936","post","type-post","status-publish","format-standard","has-post-thumbnail","hentry","category-lajme"],"_links":{"self":[{"href":"https:\/\/new.findnews5.com\/index.php?rest_route=\/wp\/v2\/posts\/23936","targetHints":{"allow":["GET"]}}],"collection":[{"href":"https:\/\/new.findnews5.com\/index.php?rest_route=\/wp\/v2\/posts"}],"about":[{"href":"https:\/\/new.findnews5.com\/index.php?rest_route=\/wp\/v2\/types\/post"}],"author":[{"embeddable":true,"href":"https:\/\/new.findnews5.com\/index.php?rest_route=\/wp\/v2\/users\/1"}],"replies":[{"embeddable":true,"href":"https:\/\/new.findnews5.com\/index.php?rest_route=%2Fwp%2Fv2%2Fcomments&post=23936"}],"version-history":[{"count":1,"href":"https:\/\/new.findnews5.com\/index.php?rest_route=\/wp\/v2\/posts\/23936\/revisions"}],"predecessor-version":[{"id":23941,"href":"https:\/\/new.findnews5.com\/index.php?rest_route=\/wp\/v2\/posts\/23936\/revisions\/23941"}],"wp:featuredmedia":[{"embeddable":true,"href":"https:\/\/new.findnews5.com\/index.php?rest_route=\/wp\/v2\/media\/23938"}],"wp:attachment":[{"href":"https:\/\/new.findnews5.com\/index.php?rest_route=%2Fwp%2Fv2%2Fmedia&parent=23936"}],"wp:term":[{"taxonomy":"category","embeddable":true,"href":"https:\/\/new.findnews5.com\/index.php?rest_route=%2Fwp%2Fv2%2Fcategories&post=23936"},{"taxonomy":"post_tag","embeddable":true,"href":"https:\/\/new.findnews5.com\/index.php?rest_route=%2Fwp%2Fv2%2Ftags&post=23936"}],"curies":[{"name":"wp","href":"https:\/\/api.w.org\/{rel}","templated":true}]}}