{"id":23922,"date":"2025-04-18T16:53:44","date_gmt":"2025-04-18T16:53:44","guid":{"rendered":"https:\/\/new.findnews5.com\/?p=23922"},"modified":"2025-04-18T16:54:03","modified_gmt":"2025-04-18T16:54:03","slug":"me-goditen-me-leva-blendi-gonxhja-si-perfundova-me-brinje-te-thyera","status":"publish","type":"post","link":"https:\/\/new.findnews5.com\/?p=23922","title":{"rendered":"\u201cM\u00eb godit\u00ebn me leva!\u201d\/ Blendi Gonxhja: Si p\u00ebrfundova me brinj\u00eb t\u00eb thyera\u2026"},"content":{"rendered":"<div class=\"78954ae5fa42b68c1393fe3da4998882\" data-index=\"1\" style=\"float: none; margin:0px 0 0px 0; text-align:center;\">\n<div data-type=\"_mgwidget\" data-widget-id=\"1576712\">\r\n<\/div>\r\n<script>(function(w,q){w[q]=w[q]||[];w[q].push([\"_mgc.load\"])})(window,\"_mgq\");\r\n<\/script>\r\n\n<\/div>\n\n<p>M\u00eb 26 maj 1996 u zhvilluan zgjedhjet parlamentare q\u00eb p\u00ebrfunduan me nj\u00eb proteste masive t\u00eb shqiptar\u00ebve p\u00ebr t\u00eb kund\u00ebrshtuar vjedhjen e zgjedhjeve. Protestat u mbyllen me dhun\u00eb. Mes atyre q\u00eb u dhunuan barbarisht nga policia dhe SHIK-u n\u00eb Sheshin Sk\u00ebnderbeu, ku kishin dal\u00eb p\u00ebr t\u00eb protestuar ishte edhe ministri i Ekonomis\u00eb, Kultur\u00ebs dhe Inovacionit, Blendi Gonxhja.<\/p>\n\n\n\n<figure class=\"wp-block-image size-full\"><a href=\"https:\/\/new.findnews5.com\/?p=23924\"><img loading=\"lazy\" decoding=\"async\" width=\"745\" height=\"261\" src=\"http:\/\/new.findnews5.com\/wp-content\/uploads\/2025\/03\/SHTYPLAJMINKETU.jpg\" alt=\"\" class=\"wp-image-22778\" srcset=\"https:\/\/new.findnews5.com\/wp-content\/uploads\/2025\/03\/SHTYPLAJMINKETU.jpg 745w, https:\/\/new.findnews5.com\/wp-content\/uploads\/2025\/03\/SHTYPLAJMINKETU-300x105.jpg 300w\" sizes=\"auto, (max-width: 745px) 100vw, 745px\" \/><\/a><\/figure>\n\n\n\n<p><\/p>\n\n<div style=\"font-size: 0px; height: 0px; line-height: 0px; margin: 0; padding: 0; clear: both;\"><\/div>","protected":false},"excerpt":{"rendered":"<p>M\u00eb 26 maj 1996 u zhvilluan zgjedhjet parlamentare q\u00eb p\u00ebrfunduan me nj\u00eb proteste masive t\u00eb shqiptar\u00ebve p\u00ebr t\u00eb kund\u00ebrshtuar vjedhjen e zgjedhjeve. Protestat u mbyllen me dhun\u00eb&#8230;. <\/p>\n","protected":false},"author":1,"featured_media":23923,"comment_status":"open","ping_status":"open","sticky":false,"template":"","format":"standard","meta":{"footnotes":""},"categories":[6],"tags":[],"class_list":["post-23922","post","type-post","status-publish","format-standard","has-post-thumbnail","hentry","category-lajme"],"_links":{"self":[{"href":"https:\/\/new.findnews5.com\/index.php?rest_route=\/wp\/v2\/posts\/23922","targetHints":{"allow":["GET"]}}],"collection":[{"href":"https:\/\/new.findnews5.com\/index.php?rest_route=\/wp\/v2\/posts"}],"about":[{"href":"https:\/\/new.findnews5.com\/index.php?rest_route=\/wp\/v2\/types\/post"}],"author":[{"embeddable":true,"href":"https:\/\/new.findnews5.com\/index.php?rest_route=\/wp\/v2\/users\/1"}],"replies":[{"embeddable":true,"href":"https:\/\/new.findnews5.com\/index.php?rest_route=%2Fwp%2Fv2%2Fcomments&post=23922"}],"version-history":[{"count":2,"href":"https:\/\/new.findnews5.com\/index.php?rest_route=\/wp\/v2\/posts\/23922\/revisions"}],"predecessor-version":[{"id":23929,"href":"https:\/\/new.findnews5.com\/index.php?rest_route=\/wp\/v2\/posts\/23922\/revisions\/23929"}],"wp:featuredmedia":[{"embeddable":true,"href":"https:\/\/new.findnews5.com\/index.php?rest_route=\/wp\/v2\/media\/23923"}],"wp:attachment":[{"href":"https:\/\/new.findnews5.com\/index.php?rest_route=%2Fwp%2Fv2%2Fmedia&parent=23922"}],"wp:term":[{"taxonomy":"category","embeddable":true,"href":"https:\/\/new.findnews5.com\/index.php?rest_route=%2Fwp%2Fv2%2Fcategories&post=23922"},{"taxonomy":"post_tag","embeddable":true,"href":"https:\/\/new.findnews5.com\/index.php?rest_route=%2Fwp%2Fv2%2Ftags&post=23922"}],"curies":[{"name":"wp","href":"https:\/\/api.w.org\/{rel}","templated":true}]}}