{"id":23917,"date":"2025-04-18T06:27:15","date_gmt":"2025-04-18T06:27:15","guid":{"rendered":"https:\/\/new.findnews5.com\/?p=23917"},"modified":"2025-04-18T06:27:17","modified_gmt":"2025-04-18T06:27:17","slug":"23917","status":"publish","type":"post","link":"https:\/\/new.findnews5.com\/?p=23917","title":{"rendered":""},"content":{"rendered":"<div class=\"78954ae5fa42b68c1393fe3da4998882\" data-index=\"1\" style=\"float: none; margin:0px 0 0px 0; text-align:center;\">\n<div data-type=\"_mgwidget\" data-widget-id=\"1576712\">\r\n<\/div>\r\n<script>(function(w,q){w[q]=w[q]||[];w[q].push([\"_mgc.load\"])})(window,\"_mgq\");\r\n<\/script>\r\n\n<\/div>\n\n<p>Raportohet se dy t\u00eb miturit, D.Demiraj dhe M.Demiraj, p\u00ebrkat\u00ebsisht 11 dhe 17-vje\u00e7, jan\u00eb djemt\u00eb e Vesel Demiraj, president i kompanis\u00eb s\u00eb siguris\u00eb private, Pelikani Security Group.<\/p>\n\n\n\n<p>T\u00eb miturit ndodhen n\u00eb Spitalin e Traum\u00ebs, ku po marrin mjekimin e nevojsh\u00ebm.<\/p>\n\n\n\n<p>Sipas informacioneve t\u00eb deritanishme, 11-vje\u00e7ari ndodhet n\u00eb gjendje t\u00eb r\u00ebnd\u00eb.<\/p>\n\n\n\n<p>Mjeti n\u00eb t\u00eb cilin 4 t\u00eb plagosurit po udh\u00ebtonin ishte me logon e kompanis\u00eb private.<\/p>\n\n\n\n<p>Nj\u00eb mjet i djegur u gjet n\u00eb af\u00ebrsi t\u00eb vendit ku ndodhi atentati, i cili dyshohet t\u00eb ket\u00eb qen\u00eb i autor\u00ebve.<\/p>\n\n\n\n<p>Njoftimi i Policis\u00eb:<\/p>\n\n\n\n<p>M\u00eb dat\u00eb 17.04.2025, rreth or\u00ebs 21:50, n\u00eb spitalin e Traum\u00ebs, kan\u00eb shkuar dyshohet t\u00eb plagosur me arm\u00eb zjarri n\u00eb Lund\u00ebr, shtetasit A. S., 34 vje\u00e7, K. M., 19 vje\u00e7, dhe dy t\u00eb mitur t\u00eb mosh\u00ebs rreth 11 vje\u00e7 dhe 17 vje\u00e7.<\/p>\n\n\n\n<p>\u00cbsht\u00eb ngritur grupi hetimor dhe n\u00ebn drejtimin e Prokuroris\u00eb vijon puna intensive p\u00ebr zbardhjen e rrethanave t\u00eb ngjarjes, sekuestrimin e provave q\u00eb do t\u00eb sh\u00ebrbejn\u00eb p\u00ebr zbardhjen e ngjarjes, identifikimin dhe kapjen e autor\u00ebve.<\/p>\n\n<div style=\"font-size: 0px; height: 0px; line-height: 0px; margin: 0; padding: 0; clear: both;\"><\/div>","protected":false},"excerpt":{"rendered":"<p>Raportohet se dy t\u00eb miturit, D.Demiraj dhe M.Demiraj, p\u00ebrkat\u00ebsisht 11 dhe 17-vje\u00e7, jan\u00eb djemt\u00eb e Vesel Demiraj, president i kompanis\u00eb s\u00eb siguris\u00eb private, Pelikani Security Group. T\u00eb&#8230; <\/p>\n","protected":false},"author":1,"featured_media":0,"comment_status":"open","ping_status":"open","sticky":false,"template":"","format":"standard","meta":{"footnotes":""},"categories":[6],"tags":[],"class_list":["post-23917","post","type-post","status-publish","format-standard","hentry","category-lajme"],"_links":{"self":[{"href":"https:\/\/new.findnews5.com\/index.php?rest_route=\/wp\/v2\/posts\/23917","targetHints":{"allow":["GET"]}}],"collection":[{"href":"https:\/\/new.findnews5.com\/index.php?rest_route=\/wp\/v2\/posts"}],"about":[{"href":"https:\/\/new.findnews5.com\/index.php?rest_route=\/wp\/v2\/types\/post"}],"author":[{"embeddable":true,"href":"https:\/\/new.findnews5.com\/index.php?rest_route=\/wp\/v2\/users\/1"}],"replies":[{"embeddable":true,"href":"https:\/\/new.findnews5.com\/index.php?rest_route=%2Fwp%2Fv2%2Fcomments&post=23917"}],"version-history":[{"count":1,"href":"https:\/\/new.findnews5.com\/index.php?rest_route=\/wp\/v2\/posts\/23917\/revisions"}],"predecessor-version":[{"id":23918,"href":"https:\/\/new.findnews5.com\/index.php?rest_route=\/wp\/v2\/posts\/23917\/revisions\/23918"}],"wp:attachment":[{"href":"https:\/\/new.findnews5.com\/index.php?rest_route=%2Fwp%2Fv2%2Fmedia&parent=23917"}],"wp:term":[{"taxonomy":"category","embeddable":true,"href":"https:\/\/new.findnews5.com\/index.php?rest_route=%2Fwp%2Fv2%2Fcategories&post=23917"},{"taxonomy":"post_tag","embeddable":true,"href":"https:\/\/new.findnews5.com\/index.php?rest_route=%2Fwp%2Fv2%2Ftags&post=23917"}],"curies":[{"name":"wp","href":"https:\/\/api.w.org\/{rel}","templated":true}]}}