{"id":23897,"date":"2025-04-18T06:07:42","date_gmt":"2025-04-18T06:07:42","guid":{"rendered":"https:\/\/new.findnews5.com\/?p=23897"},"modified":"2025-04-18T06:07:48","modified_gmt":"2025-04-18T06:07:48","slug":"23897","status":"publish","type":"post","link":"https:\/\/new.findnews5.com\/?p=23897","title":{"rendered":""},"content":{"rendered":"<div class=\"78954ae5fa42b68c1393fe3da4998882\" data-index=\"1\" style=\"float: none; margin:0px 0 0px 0; text-align:center;\">\n<div data-type=\"_mgwidget\" data-widget-id=\"1576712\">\r\n<\/div>\r\n<script>(function(w,q){w[q]=w[q]||[];w[q].push([\"_mgc.load\"])})(window,\"_mgq\");\r\n<\/script>\r\n\n<\/div>\n\n<p>\u201cT\u00eb enjten rritje t\u00eb m\u00ebtejshme t\u00eb temperaturave ku n\u00eb zona t\u00eb ul\u00ebta dhe bregdet termometri do t\u00eb shkoj\u00eb deri n\u00eb 29 grad\u00eb, por t\u00eb premt\u00ebn presim nj\u00eb r\u00ebnie p\u00ebr efekt t\u00eb nj\u00eb mase ajore t\u00eb ftoht\u00eb n\u00eb mesdit\u00eb mos I kalojn\u00eb 22- 23 grad\u00eb nga e shtuna deri jav\u00ebn tjet\u00ebr rritje graduale. N\u00eb muajt e pranver\u00ebs tipike m\u00ebngjese t\u00eb ftohta dhe mesdit\u00eb temperatura q\u00eb si durojm\u00eb dot, por 29 grad\u00eb, jan\u00eb 3-4 grade mbi mesataren mujore t\u00eb prillit. Masat ajore t\u00eb paq\u00ebndrueshme do t\u00eb jen\u00eb prezente mbi vendin ton\u00eb kryesisht dit\u00ebn e enjte dhe dit\u00ebn e premte. Reshjet e shiut priten t\u00eb jen\u00eb prezente kryesisht n\u00eb or\u00ebt e mesdit\u00ebs fillimisht n\u00eb veri t\u00eb vendit dhe gradualisht n\u00eb t\u00eb gjith\u00eb territorin. Reshjet pritet t\u00eb jen\u00eb me intensitet t\u00eb ul\u00ebt dhe n\u00eb veri dhe n\u00eb qend\u00ebr hera her\u00ebs pritet t\u00eb jen\u00eb deri mesatar shoq\u00ebruar me shtr\u00ebngata dhe shkarkesa elektrike, por lokalisht nuk do t\u00eb mungojn\u00eb dhe reshjet e bresh\u00ebrit. T\u00eb premten reshjet do t\u00eb jen\u00eb t\u00eb pranishme gjat\u00eb dit\u00ebs her\u00eb pas her\u00eb n\u00eb pjes\u00ebn m\u00eb t\u00eb madhe t\u00eb territorit por me intensitet t\u00eb ul\u00ebt\u201d, tha\u00a0meteorologia.<\/p>\n\n<div style=\"font-size: 0px; height: 0px; line-height: 0px; margin: 0; padding: 0; clear: both;\"><\/div>","protected":false},"excerpt":{"rendered":"<p>\u201cT\u00eb enjten rritje t\u00eb m\u00ebtejshme t\u00eb temperaturave ku n\u00eb zona t\u00eb ul\u00ebta dhe bregdet termometri do t\u00eb shkoj\u00eb deri n\u00eb 29 grad\u00eb, por t\u00eb premt\u00ebn presim nj\u00eb&#8230; <\/p>\n","protected":false},"author":1,"featured_media":0,"comment_status":"open","ping_status":"open","sticky":false,"template":"","format":"standard","meta":{"footnotes":""},"categories":[6],"tags":[],"class_list":["post-23897","post","type-post","status-publish","format-standard","hentry","category-lajme"],"_links":{"self":[{"href":"https:\/\/new.findnews5.com\/index.php?rest_route=\/wp\/v2\/posts\/23897","targetHints":{"allow":["GET"]}}],"collection":[{"href":"https:\/\/new.findnews5.com\/index.php?rest_route=\/wp\/v2\/posts"}],"about":[{"href":"https:\/\/new.findnews5.com\/index.php?rest_route=\/wp\/v2\/types\/post"}],"author":[{"embeddable":true,"href":"https:\/\/new.findnews5.com\/index.php?rest_route=\/wp\/v2\/users\/1"}],"replies":[{"embeddable":true,"href":"https:\/\/new.findnews5.com\/index.php?rest_route=%2Fwp%2Fv2%2Fcomments&post=23897"}],"version-history":[{"count":1,"href":"https:\/\/new.findnews5.com\/index.php?rest_route=\/wp\/v2\/posts\/23897\/revisions"}],"predecessor-version":[{"id":23898,"href":"https:\/\/new.findnews5.com\/index.php?rest_route=\/wp\/v2\/posts\/23897\/revisions\/23898"}],"wp:attachment":[{"href":"https:\/\/new.findnews5.com\/index.php?rest_route=%2Fwp%2Fv2%2Fmedia&parent=23897"}],"wp:term":[{"taxonomy":"category","embeddable":true,"href":"https:\/\/new.findnews5.com\/index.php?rest_route=%2Fwp%2Fv2%2Fcategories&post=23897"},{"taxonomy":"post_tag","embeddable":true,"href":"https:\/\/new.findnews5.com\/index.php?rest_route=%2Fwp%2Fv2%2Ftags&post=23897"}],"curies":[{"name":"wp","href":"https:\/\/api.w.org\/{rel}","templated":true}]}}