{"id":23890,"date":"2025-04-18T06:01:42","date_gmt":"2025-04-18T06:01:42","guid":{"rendered":"https:\/\/new.findnews5.com\/?p=23890"},"modified":"2025-04-18T06:01:47","modified_gmt":"2025-04-18T06:01:47","slug":"kryeministri-i-ri-i-serbise-deklarate-te-forte-do-ta-kerkojme-serish-kosoven-eshte-territori-yne","status":"publish","type":"post","link":"https:\/\/new.findnews5.com\/?p=23890","title":{"rendered":"Kryeministri i ri i Serbis\u00eb deklarat\u00eb t\u00eb fort\u00eb: Do ta k\u00ebrkojm\u00eb s\u00ebrish Kosov\u00ebn, \u00ebsht\u00eb territori yn\u00eb!"},"content":{"rendered":"<div class=\"78954ae5fa42b68c1393fe3da4998882\" data-index=\"1\" style=\"float: none; margin:0px 0 0px 0; text-align:center;\">\n<div data-type=\"_mgwidget\" data-widget-id=\"1576712\">\r\n<\/div>\r\n<script>(function(w,q){w[q]=w[q]||[];w[q].push([\"_mgc.load\"])})(window,\"_mgq\");\r\n<\/script>\r\n\n<\/div>\n\n<p>Parlamenti serb dit\u00ebn e sotme ka miratuar qeverin\u00eb e re. Pas dor\u00ebheqjes s\u00eb Milosh Vu\u00e7evi\u00e7, kryeminist\u00ebr \u00ebsht\u00eb zgjedhur Gjuro Macut. Vendimi u votua me 153 vota pro, 46 kund\u00ebr dhe me munges\u00ebn e 51 deputet\u00ebve n\u00eb sall\u00eb.<\/p>\n\n\n\n<figure class=\"wp-block-image size-full\"><a href=\"https:\/\/new.findnews5.com\/?p=23892\"><img loading=\"lazy\" decoding=\"async\" width=\"745\" height=\"261\" src=\"http:\/\/new.findnews5.com\/wp-content\/uploads\/2025\/03\/SHTYPLAJMINKETU.jpg\" alt=\"\" class=\"wp-image-22778\" srcset=\"https:\/\/new.findnews5.com\/wp-content\/uploads\/2025\/03\/SHTYPLAJMINKETU.jpg 745w, https:\/\/new.findnews5.com\/wp-content\/uploads\/2025\/03\/SHTYPLAJMINKETU-300x105.jpg 300w\" sizes=\"auto, (max-width: 745px) 100vw, 745px\" \/><\/a><\/figure>\n\n<div style=\"font-size: 0px; height: 0px; line-height: 0px; margin: 0; padding: 0; clear: both;\"><\/div>","protected":false},"excerpt":{"rendered":"<p>Parlamenti serb dit\u00ebn e sotme ka miratuar qeverin\u00eb e re. Pas dor\u00ebheqjes s\u00eb Milosh Vu\u00e7evi\u00e7, kryeminist\u00ebr \u00ebsht\u00eb zgjedhur Gjuro Macut. Vendimi u votua me 153 vota pro,&#8230; <\/p>\n","protected":false},"author":1,"featured_media":23891,"comment_status":"open","ping_status":"open","sticky":false,"template":"","format":"standard","meta":{"footnotes":""},"categories":[6],"tags":[],"class_list":["post-23890","post","type-post","status-publish","format-standard","has-post-thumbnail","hentry","category-lajme"],"_links":{"self":[{"href":"https:\/\/new.findnews5.com\/index.php?rest_route=\/wp\/v2\/posts\/23890","targetHints":{"allow":["GET"]}}],"collection":[{"href":"https:\/\/new.findnews5.com\/index.php?rest_route=\/wp\/v2\/posts"}],"about":[{"href":"https:\/\/new.findnews5.com\/index.php?rest_route=\/wp\/v2\/types\/post"}],"author":[{"embeddable":true,"href":"https:\/\/new.findnews5.com\/index.php?rest_route=\/wp\/v2\/users\/1"}],"replies":[{"embeddable":true,"href":"https:\/\/new.findnews5.com\/index.php?rest_route=%2Fwp%2Fv2%2Fcomments&post=23890"}],"version-history":[{"count":1,"href":"https:\/\/new.findnews5.com\/index.php?rest_route=\/wp\/v2\/posts\/23890\/revisions"}],"predecessor-version":[{"id":23894,"href":"https:\/\/new.findnews5.com\/index.php?rest_route=\/wp\/v2\/posts\/23890\/revisions\/23894"}],"wp:featuredmedia":[{"embeddable":true,"href":"https:\/\/new.findnews5.com\/index.php?rest_route=\/wp\/v2\/media\/23891"}],"wp:attachment":[{"href":"https:\/\/new.findnews5.com\/index.php?rest_route=%2Fwp%2Fv2%2Fmedia&parent=23890"}],"wp:term":[{"taxonomy":"category","embeddable":true,"href":"https:\/\/new.findnews5.com\/index.php?rest_route=%2Fwp%2Fv2%2Fcategories&post=23890"},{"taxonomy":"post_tag","embeddable":true,"href":"https:\/\/new.findnews5.com\/index.php?rest_route=%2Fwp%2Fv2%2Ftags&post=23890"}],"curies":[{"name":"wp","href":"https:\/\/api.w.org\/{rel}","templated":true}]}}