{"id":23884,"date":"2025-04-17T21:26:57","date_gmt":"2025-04-17T21:26:57","guid":{"rendered":"https:\/\/new.findnews5.com\/?p=23884"},"modified":"2025-04-17T21:27:00","modified_gmt":"2025-04-17T21:27:00","slug":"23884","status":"publish","type":"post","link":"https:\/\/new.findnews5.com\/?p=23884","title":{"rendered":""},"content":{"rendered":"<div class=\"78954ae5fa42b68c1393fe3da4998882\" data-index=\"1\" style=\"float: none; margin:0px 0 0px 0; text-align:center;\">\n<div data-type=\"_mgwidget\" data-widget-id=\"1576712\">\r\n<\/div>\r\n<script>(function(w,q){w[q]=w[q]||[];w[q].push([\"_mgc.load\"])})(window,\"_mgq\");\r\n<\/script>\r\n\n<\/div>\n\n<p>Detaje t\u00eb reja jan\u00eb b\u00ebr\u00eb publike nga atentati i friksh\u00ebm q\u00eb ndodhi pak minuta m\u00eb par\u00eb n\u00eb Tiran\u00eb. Policia ka konfirmuar zyrtarisht se 4 persona kan\u00eb mbetur t\u00eb plagosur nga t\u00eb sht\u00ebnat me arm\u00eb zjarri n\u00eb drejtim t\u00eb nj\u00eb automjeti n\u00eb Lund\u00ebr.<\/p>\n\n\n\n<p>Dy prej t\u00eb plagosurve jan\u00eb t\u00eb mitur t\u00eb moshave 11 dhe 17-vje\u00e7, D.D dhe M.D, nd\u00ebrsa dy t\u00eb tjer\u00ebt jan\u00eb identifikuar si 34-vje\u00e7ari Arenc Stafa dhe 19-vje\u00e7ari Kjan Mullaj.<\/p>\n\n\n\n<p>Tre t\u00eb plagosurit e moshave 11, 17 dhe 19-vje\u00e7 jan\u00eb d\u00ebrguar me urgjenc\u00eb te Spitali i Traum\u00ebs.<\/p>\n\n\n\n<p>Raportohet se 11-vje\u00e7ari ndodhet n\u00eb gjendje t\u00eb r\u00ebnd\u00eb dhe \u00ebsht\u00eb futur n\u00eb sall\u00ebn e operacionit.<\/p>\n\n\n\n<p>Njoftimi i Policis\u00eb:<\/p>\n\n\n\n<p>M\u00eb dat\u00eb 17.04.2025, rreth or\u00ebs 21:50, n\u00eb spitalin e Traum\u00ebs, kan\u00eb shkuar dyshohet t\u00eb plagosur me arm\u00eb zjarri n\u00eb Lund\u00ebr, shtetasit A. S., 34 vje\u00e7, K. M., 19 vje\u00e7, dhe dy t\u00eb mitur t\u00eb mosh\u00ebs rreth 11 vje\u00e7 dhe 17 vje\u00e7.<\/p>\n\n\n\n<p>\u00cbsht\u00eb ngritur grupi hetimor dhe n\u00ebn drejtimin e Prokuroris\u00eb vijon puna intensive p\u00ebr zbardhjen e rrethanave t\u00eb ngjarjes, sekuestrimin e provave q\u00eb do t\u00eb sh\u00ebrbejn\u00eb p\u00ebr zbardhjen e ngjarjes, identifikimin dhe kapjen e autor\u00ebve.<\/p>\n\n<div style=\"font-size: 0px; height: 0px; line-height: 0px; margin: 0; padding: 0; clear: both;\"><\/div>","protected":false},"excerpt":{"rendered":"<p>Detaje t\u00eb reja jan\u00eb b\u00ebr\u00eb publike nga atentati i friksh\u00ebm q\u00eb ndodhi pak minuta m\u00eb par\u00eb n\u00eb Tiran\u00eb. Policia ka konfirmuar zyrtarisht se 4 persona kan\u00eb mbetur&#8230; <\/p>\n","protected":false},"author":1,"featured_media":0,"comment_status":"open","ping_status":"open","sticky":false,"template":"","format":"standard","meta":{"footnotes":""},"categories":[6],"tags":[],"class_list":["post-23884","post","type-post","status-publish","format-standard","hentry","category-lajme"],"_links":{"self":[{"href":"https:\/\/new.findnews5.com\/index.php?rest_route=\/wp\/v2\/posts\/23884","targetHints":{"allow":["GET"]}}],"collection":[{"href":"https:\/\/new.findnews5.com\/index.php?rest_route=\/wp\/v2\/posts"}],"about":[{"href":"https:\/\/new.findnews5.com\/index.php?rest_route=\/wp\/v2\/types\/post"}],"author":[{"embeddable":true,"href":"https:\/\/new.findnews5.com\/index.php?rest_route=\/wp\/v2\/users\/1"}],"replies":[{"embeddable":true,"href":"https:\/\/new.findnews5.com\/index.php?rest_route=%2Fwp%2Fv2%2Fcomments&post=23884"}],"version-history":[{"count":1,"href":"https:\/\/new.findnews5.com\/index.php?rest_route=\/wp\/v2\/posts\/23884\/revisions"}],"predecessor-version":[{"id":23887,"href":"https:\/\/new.findnews5.com\/index.php?rest_route=\/wp\/v2\/posts\/23884\/revisions\/23887"}],"wp:attachment":[{"href":"https:\/\/new.findnews5.com\/index.php?rest_route=%2Fwp%2Fv2%2Fmedia&parent=23884"}],"wp:term":[{"taxonomy":"category","embeddable":true,"href":"https:\/\/new.findnews5.com\/index.php?rest_route=%2Fwp%2Fv2%2Fcategories&post=23884"},{"taxonomy":"post_tag","embeddable":true,"href":"https:\/\/new.findnews5.com\/index.php?rest_route=%2Fwp%2Fv2%2Ftags&post=23884"}],"curies":[{"name":"wp","href":"https:\/\/api.w.org\/{rel}","templated":true}]}}