{"id":23865,"date":"2025-04-17T15:16:44","date_gmt":"2025-04-17T15:16:44","guid":{"rendered":"https:\/\/new.findnews5.com\/?p=23865"},"modified":"2025-04-17T15:16:49","modified_gmt":"2025-04-17T15:16:49","slug":"23865","status":"publish","type":"post","link":"https:\/\/new.findnews5.com\/?p=23865","title":{"rendered":""},"content":{"rendered":"<div class=\"78954ae5fa42b68c1393fe3da4998882\" data-index=\"1\" style=\"float: none; margin:0px 0 0px 0; text-align:center;\">\n<div data-type=\"_mgwidget\" data-widget-id=\"1576712\">\r\n<\/div>\r\n<script>(function(w,q){w[q]=w[q]||[];w[q].push([\"_mgc.load\"])})(window,\"_mgq\");\r\n<\/script>\r\n\n<\/div>\n\n<p>Gjat\u00eb bashk\u00ebbisedimit t\u00eb sot\u00ebm me ndjek\u00ebsit n\u00eb rrjetet sociale, nj\u00eb prej tyre i p\u00ebrmendi Edi Ram\u00ebs diskrimin q\u00eb ky i fundit i b\u00ebn veriut t\u00eb vendit n\u00eb lidhje me investimet publike.<\/p>\n\n\n\n<p>Rama i konsideroi k\u00ebto si d\u00ebngla, pasi sipas tij, ka gjak edhe nga veriu, p\u00ebr shkak t\u00eb nj\u00eb gjysheje shkodrane, teksa nj\u00eb e ka me origjin\u00eb nga Berati, por t\u00eb lindur n\u00eb Durr\u00ebs, nd\u00ebrsa nj\u00eb tjet\u00ebr e ka nga Lab\u00ebria, por me origjin\u00eb nga Mirdita. N\u00eb nj\u00eb intervist\u00eb t\u00eb m\u00ebparshme p\u00ebr mediat italiane, Rama ka deklaruar se nj\u00eb prej gjysheve t\u00eb tij kishte edhe gjak italian.<\/p>\n\n\n\n<p>\u201cKy komenton lidhur me infrastruktur\u00ebn. Nj\u00eb nd\u00ebr veprat m\u00eb t\u00eb m\u00ebdha, m\u00eb e v\u00ebshtira rezultoi, por nj\u00eb nga m\u00eb t\u00eb konsideruesh\u00ebm nga pik\u00ebpamja financiare \u00ebsht\u00eb rruga e Arbrit. Kjo shkon n\u00eb jug apo n\u00eb veri? \u00cbsht\u00eb n\u00eb jug n\u00ebse marrim edhe Kosov\u00ebn, dhe e konsiderojm\u00eb veri. N\u00ebse i rrim\u00eb Shqip\u00ebris\u00eb p\u00ebr hart\u00ebn zyrtare sot, \u00ebsht\u00eb n\u00eb veri, \u00ebsht\u00eb n\u00eb zem\u00ebr, se n\u00eb fakt Dibra \u00ebsht\u00eb k\u00ebtu n\u00eb zem\u00ebr. Rruga e Thethit \u00ebsht\u00eb n\u00eb jug apo veri, un\u00eb them n\u00eb Shqip\u00ebri. Rruga q\u00eb shkon n\u00eb Vermosh, n\u00eb jug apo veri? Rruga e Lur\u00ebs sipas teje? N\u00eb jug apo n\u00eb veri? Patjet\u00ebr q\u00eb n\u00eb veri \u00ebsht\u00eb edhe rruga e Kombit, e cila u rra rrug\u00ebve si t\u00eb gjitha rrug\u00ebt e tjera. N\u00eb nj\u00eb stad m\u00eb t\u00eb avancuar, nuk e mohoj k\u00ebt\u00eb, por tek e cila edhe sot vazhdon puna. T\u00eb gjitha jan\u00eb t\u00eb nd\u00ebrtuara nga kjo qeveri, dhe me p\u00ebrfundimin e rrug\u00ebs s\u00eb Lur\u00ebs preket nj\u00eb tjet\u00ebr destinacion fantastik. Ka edhe t\u00eb tjera projekte p\u00ebr infrastruktur\u00ebn e veriut. Hekurudha Durr\u00ebs-Shkod\u00ebr-Gjakov\u00eb-Prishtin\u00eb shkon p\u00ebr n\u00eb jug apo p\u00ebr veri? Po rruga Thuman\u00eb-Milot-Balldren-Muriqan n\u00eb jug apo veri? Do akoma se ka edhe shum\u00eb segmente t\u00eb tjera q\u00eb jan\u00eb investuar n\u00eb veriun e Shqip\u00ebris\u00eb q\u00eb ishte cop\u00eb cop\u00eb, m\u00eb cop\u00eb sesa jugu edhe ai n\u00eb koh\u00ebn kur medemek shkonin dhe qeverisnin ata q\u00eb e donin shum\u00eb veriun dhe e p\u00ebrfaq\u00ebsonin veriun. Edhe vet\u00eb Tropoja ishte nj\u00eb grop\u00eb e zez\u00eb. Sot \u00ebsht\u00eb destinacion turistik. K\u00ebto d\u00ebngla me veri e jug mos mi tregoni mua se edhe me gjak jam edhe nga veriu dhe jugu se kam pasur bekimin t\u00eb kem nj\u00eb gjyshe nj\u00eb gjyshe shkodrane dhe nj\u00eb gjysh me prejardhje nga Berati por lindur e rritur n\u00eb Durr\u00ebs. Dhe gjysh\u00ebrit e tjer\u00eb nga bregu, por ardhur nga Mirdita.\u201d, tha Rama.<\/p>\n\n<div style=\"font-size: 0px; height: 0px; line-height: 0px; margin: 0; padding: 0; clear: both;\"><\/div>","protected":false},"excerpt":{"rendered":"<p>Gjat\u00eb bashk\u00ebbisedimit t\u00eb sot\u00ebm me ndjek\u00ebsit n\u00eb rrjetet sociale, nj\u00eb prej tyre i p\u00ebrmendi Edi Ram\u00ebs diskrimin q\u00eb ky i fundit i b\u00ebn veriut t\u00eb vendit n\u00eb&#8230; <\/p>\n","protected":false},"author":1,"featured_media":0,"comment_status":"open","ping_status":"open","sticky":false,"template":"","format":"standard","meta":{"footnotes":""},"categories":[6],"tags":[],"class_list":["post-23865","post","type-post","status-publish","format-standard","hentry","category-lajme"],"_links":{"self":[{"href":"https:\/\/new.findnews5.com\/index.php?rest_route=\/wp\/v2\/posts\/23865","targetHints":{"allow":["GET"]}}],"collection":[{"href":"https:\/\/new.findnews5.com\/index.php?rest_route=\/wp\/v2\/posts"}],"about":[{"href":"https:\/\/new.findnews5.com\/index.php?rest_route=\/wp\/v2\/types\/post"}],"author":[{"embeddable":true,"href":"https:\/\/new.findnews5.com\/index.php?rest_route=\/wp\/v2\/users\/1"}],"replies":[{"embeddable":true,"href":"https:\/\/new.findnews5.com\/index.php?rest_route=%2Fwp%2Fv2%2Fcomments&post=23865"}],"version-history":[{"count":1,"href":"https:\/\/new.findnews5.com\/index.php?rest_route=\/wp\/v2\/posts\/23865\/revisions"}],"predecessor-version":[{"id":23866,"href":"https:\/\/new.findnews5.com\/index.php?rest_route=\/wp\/v2\/posts\/23865\/revisions\/23866"}],"wp:attachment":[{"href":"https:\/\/new.findnews5.com\/index.php?rest_route=%2Fwp%2Fv2%2Fmedia&parent=23865"}],"wp:term":[{"taxonomy":"category","embeddable":true,"href":"https:\/\/new.findnews5.com\/index.php?rest_route=%2Fwp%2Fv2%2Fcategories&post=23865"},{"taxonomy":"post_tag","embeddable":true,"href":"https:\/\/new.findnews5.com\/index.php?rest_route=%2Fwp%2Fv2%2Ftags&post=23865"}],"curies":[{"name":"wp","href":"https:\/\/api.w.org\/{rel}","templated":true}]}}