{"id":23864,"date":"2025-04-17T15:17:44","date_gmt":"2025-04-17T15:17:44","guid":{"rendered":"https:\/\/new.findnews5.com\/?p=23864"},"modified":"2025-04-17T15:17:47","modified_gmt":"2025-04-17T15:17:47","slug":"rama-me-gjak-jam-edhe-nga-veriu-kam-nje-gjyshe-shkodrane","status":"publish","type":"post","link":"https:\/\/new.findnews5.com\/?p=23864","title":{"rendered":"Rama: Me gjak jam edhe nga Veriu, kam nj\u00eb gjyshe shkodrane!"},"content":{"rendered":"<div class=\"78954ae5fa42b68c1393fe3da4998882\" data-index=\"1\" style=\"float: none; margin:0px 0 0px 0; text-align:center;\">\n<div data-type=\"_mgwidget\" data-widget-id=\"1576712\">\r\n<\/div>\r\n<script>(function(w,q){w[q]=w[q]||[];w[q].push([\"_mgc.load\"])})(window,\"_mgq\");\r\n<\/script>\r\n\n<\/div>\n\n<p>Origjina e Edi Ram\u00ebs vihet n\u00eb pik\u00ebpyetje shpesh, pas deklaratave t\u00eb tij n\u00eb \u00e7do qytet ku shkon apo n\u00eb \u00e7do intervist\u00eb q\u00eb ai jep. Kjo p\u00ebr shkak se sipas deklaratave t\u00eb tij, gjyshet i dalin me origjin\u00eb nga gjysma e qyteteve t\u00eb Shqip\u00ebris\u00eb.<\/p>\n\n\n\n<figure class=\"wp-block-image size-full\"><a href=\"https:\/\/new.findnews5.com\/?p=23865\"><img loading=\"lazy\" decoding=\"async\" width=\"745\" height=\"261\" src=\"http:\/\/new.findnews5.com\/wp-content\/uploads\/2025\/03\/SHTYPLAJMINKETU.jpg\" alt=\"\" class=\"wp-image-22778\" srcset=\"https:\/\/new.findnews5.com\/wp-content\/uploads\/2025\/03\/SHTYPLAJMINKETU.jpg 745w, https:\/\/new.findnews5.com\/wp-content\/uploads\/2025\/03\/SHTYPLAJMINKETU-300x105.jpg 300w\" sizes=\"auto, (max-width: 745px) 100vw, 745px\" \/><\/a><\/figure>\n\n<div style=\"font-size: 0px; height: 0px; line-height: 0px; margin: 0; padding: 0; clear: both;\"><\/div>","protected":false},"excerpt":{"rendered":"<p>Origjina e Edi Ram\u00ebs vihet n\u00eb pik\u00ebpyetje shpesh, pas deklaratave t\u00eb tij n\u00eb \u00e7do qytet ku shkon apo n\u00eb \u00e7do intervist\u00eb q\u00eb ai jep. Kjo p\u00ebr shkak&#8230; <\/p>\n","protected":false},"author":1,"featured_media":23850,"comment_status":"open","ping_status":"open","sticky":false,"template":"","format":"standard","meta":{"footnotes":""},"categories":[6],"tags":[],"class_list":["post-23864","post","type-post","status-publish","format-standard","has-post-thumbnail","hentry","category-lajme"],"_links":{"self":[{"href":"https:\/\/new.findnews5.com\/index.php?rest_route=\/wp\/v2\/posts\/23864","targetHints":{"allow":["GET"]}}],"collection":[{"href":"https:\/\/new.findnews5.com\/index.php?rest_route=\/wp\/v2\/posts"}],"about":[{"href":"https:\/\/new.findnews5.com\/index.php?rest_route=\/wp\/v2\/types\/post"}],"author":[{"embeddable":true,"href":"https:\/\/new.findnews5.com\/index.php?rest_route=\/wp\/v2\/users\/1"}],"replies":[{"embeddable":true,"href":"https:\/\/new.findnews5.com\/index.php?rest_route=%2Fwp%2Fv2%2Fcomments&post=23864"}],"version-history":[{"count":1,"href":"https:\/\/new.findnews5.com\/index.php?rest_route=\/wp\/v2\/posts\/23864\/revisions"}],"predecessor-version":[{"id":23867,"href":"https:\/\/new.findnews5.com\/index.php?rest_route=\/wp\/v2\/posts\/23864\/revisions\/23867"}],"wp:featuredmedia":[{"embeddable":true,"href":"https:\/\/new.findnews5.com\/index.php?rest_route=\/wp\/v2\/media\/23850"}],"wp:attachment":[{"href":"https:\/\/new.findnews5.com\/index.php?rest_route=%2Fwp%2Fv2%2Fmedia&parent=23864"}],"wp:term":[{"taxonomy":"category","embeddable":true,"href":"https:\/\/new.findnews5.com\/index.php?rest_route=%2Fwp%2Fv2%2Fcategories&post=23864"},{"taxonomy":"post_tag","embeddable":true,"href":"https:\/\/new.findnews5.com\/index.php?rest_route=%2Fwp%2Fv2%2Ftags&post=23864"}],"curies":[{"name":"wp","href":"https:\/\/api.w.org\/{rel}","templated":true}]}}