{"id":23862,"date":"2025-04-17T10:54:40","date_gmt":"2025-04-17T10:54:40","guid":{"rendered":"https:\/\/new.findnews5.com\/?p=23862"},"modified":"2025-04-17T10:55:00","modified_gmt":"2025-04-17T10:55:00","slug":"danja-egli-nuk-e-meritonte-finalen-perballe-gertes","status":"publish","type":"post","link":"https:\/\/new.findnews5.com\/?p=23862","title":{"rendered":"Danja: Egli nuk e meritonte finalen p\u00ebrball\u00eb Gert\u00ebs"},"content":{"rendered":"<div class=\"78954ae5fa42b68c1393fe3da4998882\" data-index=\"1\" style=\"float: none; margin:0px 0 0px 0; text-align:center;\">\n<div data-type=\"_mgwidget\" data-widget-id=\"1576712\">\r\n<\/div>\r\n<script>(function(w,q){w[q]=w[q]||[];w[q].push([\"_mgc.load\"])})(window,\"_mgq\");\r\n<\/script>\r\n\n<\/div>\n\n<p>Deklarata e Danja Kok\u00ebs, ku ajo shpreh mendimin se Egli Tako e ka t\u00eb pamerituar finalen p\u00ebrball\u00eb Gerta Gixharit n\u00eb <em>Big Brother VIP Albania 4<\/em>, nxjerr n\u00eb pah nj\u00eb tension dhe polarizim t\u00eb fort\u00eb brenda dinamikave t\u00eb loj\u00ebs dhe perceptimeve t\u00eb publikut. Kjo deklarat\u00eb reflekton jo vet\u00ebm opinionin personal t\u00eb Danj\u00ebs, por edhe nj\u00eb narrativ\u00eb m\u00eb t\u00eb gjer\u00eb rreth meritokracis\u00eb, strategjive t\u00eb loj\u00ebs dhe ndikimit t\u00eb personalitetit n\u00eb nj\u00eb reality show ku publiku ka fuqin\u00eb p\u00ebrfundimtare t\u00eb votimit.<\/p>\n\n\n\n<figure class=\"wp-block-image size-full\"><a href=\"https:\/\/new.findnews5.com\/?p=23858\"><img loading=\"lazy\" decoding=\"async\" width=\"745\" height=\"261\" src=\"http:\/\/new.findnews5.com\/wp-content\/uploads\/2025\/03\/SHTYPLAJMINKETU.jpg\" alt=\"\" class=\"wp-image-22778\" srcset=\"https:\/\/new.findnews5.com\/wp-content\/uploads\/2025\/03\/SHTYPLAJMINKETU.jpg 745w, https:\/\/new.findnews5.com\/wp-content\/uploads\/2025\/03\/SHTYPLAJMINKETU-300x105.jpg 300w\" sizes=\"auto, (max-width: 745px) 100vw, 745px\" \/><\/a><\/figure>\n\n\n\n<p><\/p>\n\n<div style=\"font-size: 0px; height: 0px; line-height: 0px; margin: 0; padding: 0; clear: both;\"><\/div>","protected":false},"excerpt":{"rendered":"<p>Deklarata e Danja Kok\u00ebs, ku ajo shpreh mendimin se Egli Tako e ka t\u00eb pamerituar finalen p\u00ebrball\u00eb Gerta Gixharit n\u00eb Big Brother VIP Albania 4, nxjerr n\u00eb&#8230; <\/p>\n","protected":false},"author":1,"featured_media":0,"comment_status":"open","ping_status":"open","sticky":false,"template":"","format":"standard","meta":{"footnotes":""},"categories":[6],"tags":[],"class_list":["post-23862","post","type-post","status-publish","format-standard","hentry","category-lajme"],"_links":{"self":[{"href":"https:\/\/new.findnews5.com\/index.php?rest_route=\/wp\/v2\/posts\/23862","targetHints":{"allow":["GET"]}}],"collection":[{"href":"https:\/\/new.findnews5.com\/index.php?rest_route=\/wp\/v2\/posts"}],"about":[{"href":"https:\/\/new.findnews5.com\/index.php?rest_route=\/wp\/v2\/types\/post"}],"author":[{"embeddable":true,"href":"https:\/\/new.findnews5.com\/index.php?rest_route=\/wp\/v2\/users\/1"}],"replies":[{"embeddable":true,"href":"https:\/\/new.findnews5.com\/index.php?rest_route=%2Fwp%2Fv2%2Fcomments&post=23862"}],"version-history":[{"count":1,"href":"https:\/\/new.findnews5.com\/index.php?rest_route=\/wp\/v2\/posts\/23862\/revisions"}],"predecessor-version":[{"id":23863,"href":"https:\/\/new.findnews5.com\/index.php?rest_route=\/wp\/v2\/posts\/23862\/revisions\/23863"}],"wp:attachment":[{"href":"https:\/\/new.findnews5.com\/index.php?rest_route=%2Fwp%2Fv2%2Fmedia&parent=23862"}],"wp:term":[{"taxonomy":"category","embeddable":true,"href":"https:\/\/new.findnews5.com\/index.php?rest_route=%2Fwp%2Fv2%2Fcategories&post=23862"},{"taxonomy":"post_tag","embeddable":true,"href":"https:\/\/new.findnews5.com\/index.php?rest_route=%2Fwp%2Fv2%2Ftags&post=23862"}],"curies":[{"name":"wp","href":"https:\/\/api.w.org\/{rel}","templated":true}]}}