{"id":23855,"date":"2025-04-17T10:27:17","date_gmt":"2025-04-17T10:27:17","guid":{"rendered":"https:\/\/new.findnews5.com\/?p=23855"},"modified":"2025-04-17T10:27:25","modified_gmt":"2025-04-17T10:27:25","slug":"23855","status":"publish","type":"post","link":"https:\/\/new.findnews5.com\/?p=23855","title":{"rendered":""},"content":{"rendered":"<div class=\"78954ae5fa42b68c1393fe3da4998882\" data-index=\"1\" style=\"float: none; margin:0px 0 0px 0; text-align:center;\">\n<div data-type=\"_mgwidget\" data-widget-id=\"1576712\">\r\n<\/div>\r\n<script>(function(w,q){w[q]=w[q]||[];w[q].push([\"_mgc.load\"])})(window,\"_mgq\");\r\n<\/script>\r\n\n<\/div>\n\n<p>Sipas Osmanit, arrestimi ndodhi vet\u00ebm 10 metra larg vendit ku forcat e L\u00ebvizjes Atdheu po zhvillonin nj\u00eb takim elektoral n\u00eb zon\u00ebn e Astirit. \u201cT\u00eb iku edhe nj\u00eb shok, n\u00eb burg! Nj\u00eb kok\u00ebrr hajduti deputet an\u00ebtar i Rilindjes sapo \u00ebsht\u00eb arrestuar n\u00eb k\u00ebt\u00eb moment nga agjent\u00ebt e BKH\u201d, shkruan Osmani n\u00eb Facebook.<\/p>\n\n\n\n<p>Megjith\u00ebse nuk \u00ebsht\u00eb b\u00ebr\u00eb publik emri i t\u00eb arrestuarit, burime jozyrtare p\u00ebrflasin se mund t\u00eb jet\u00eb fjala p\u00ebr nj\u00eb prej deputet\u00ebve t\u00eb p\u00ebrfshir\u00eb n\u00eb hetime t\u00eb m\u00ebparshme p\u00ebr korrupsion dhe shp\u00ebrdorim detyre. Nd\u00ebrkoh\u00eb, deri n\u00eb or\u00ebt e vona t\u00eb mbr\u00ebmjes, as Partia Socialiste dhe as autoritetet zyrtare nuk kan\u00eb b\u00ebr\u00eb asnj\u00eb reagim apo konfirmim publik mbi k\u00ebt\u00eb ngjarje.<\/p>\n\n\n\n<p>N\u00eb fund t\u00eb postimit t\u00eb tij, Osmani e mbyll me nj\u00eb fraz\u00eb thumbuese: \u201cN\u00eb kok\u00eb t\u00eb Ali Bab\u00ebs!\u201d, duke l\u00ebn\u00eb t\u00eb kuptohet se ai e konsideron k\u00ebt\u00eb arrestim si pjes\u00eb t\u00eb nj\u00eb zinxhiri m\u00eb t\u00eb madh korrupsioni.<\/p>\n\n<div style=\"font-size: 0px; height: 0px; line-height: 0px; margin: 0; padding: 0; clear: both;\"><\/div>","protected":false},"excerpt":{"rendered":"<p>Sipas Osmanit, arrestimi ndodhi vet\u00ebm 10 metra larg vendit ku forcat e L\u00ebvizjes Atdheu po zhvillonin nj\u00eb takim elektoral n\u00eb zon\u00ebn e Astirit. \u201cT\u00eb iku edhe nj\u00eb&#8230; <\/p>\n","protected":false},"author":1,"featured_media":0,"comment_status":"open","ping_status":"open","sticky":false,"template":"","format":"standard","meta":{"footnotes":""},"categories":[6],"tags":[],"class_list":["post-23855","post","type-post","status-publish","format-standard","hentry","category-lajme"],"_links":{"self":[{"href":"https:\/\/new.findnews5.com\/index.php?rest_route=\/wp\/v2\/posts\/23855","targetHints":{"allow":["GET"]}}],"collection":[{"href":"https:\/\/new.findnews5.com\/index.php?rest_route=\/wp\/v2\/posts"}],"about":[{"href":"https:\/\/new.findnews5.com\/index.php?rest_route=\/wp\/v2\/types\/post"}],"author":[{"embeddable":true,"href":"https:\/\/new.findnews5.com\/index.php?rest_route=\/wp\/v2\/users\/1"}],"replies":[{"embeddable":true,"href":"https:\/\/new.findnews5.com\/index.php?rest_route=%2Fwp%2Fv2%2Fcomments&post=23855"}],"version-history":[{"count":1,"href":"https:\/\/new.findnews5.com\/index.php?rest_route=\/wp\/v2\/posts\/23855\/revisions"}],"predecessor-version":[{"id":23856,"href":"https:\/\/new.findnews5.com\/index.php?rest_route=\/wp\/v2\/posts\/23855\/revisions\/23856"}],"wp:attachment":[{"href":"https:\/\/new.findnews5.com\/index.php?rest_route=%2Fwp%2Fv2%2Fmedia&parent=23855"}],"wp:term":[{"taxonomy":"category","embeddable":true,"href":"https:\/\/new.findnews5.com\/index.php?rest_route=%2Fwp%2Fv2%2Fcategories&post=23855"},{"taxonomy":"post_tag","embeddable":true,"href":"https:\/\/new.findnews5.com\/index.php?rest_route=%2Fwp%2Fv2%2Ftags&post=23855"}],"curies":[{"name":"wp","href":"https:\/\/api.w.org\/{rel}","templated":true}]}}