{"id":23853,"date":"2025-04-17T10:27:43","date_gmt":"2025-04-17T10:27:43","guid":{"rendered":"https:\/\/new.findnews5.com\/?p=23853"},"modified":"2025-04-17T10:27:48","modified_gmt":"2025-04-17T10:27:48","slug":"e-bujshme-bkh-arrston-ne-mes-te-astirit-deputetin-e-ps","status":"publish","type":"post","link":"https:\/\/new.findnews5.com\/?p=23853","title":{"rendered":"E BUJSHME! BKH arr*ston n\u00eb mes t\u00eb Astirit deputetin e PS!"},"content":{"rendered":"<div class=\"78954ae5fa42b68c1393fe3da4998882\" data-index=\"1\" style=\"float: none; margin:0px 0 0px 0; text-align:center;\">\n<div data-type=\"_mgwidget\" data-widget-id=\"1576712\">\r\n<\/div>\r\n<script>(function(w,q){w[q]=w[q]||[];w[q].push([\"_mgc.load\"])})(window,\"_mgq\");\r\n<\/script>\r\n\n<\/div>\n\n<p>Nj\u00eb ngjarje e r\u00ebnd\u00eb \u00ebsht\u00eb denoncuar mbr\u00ebmjen e sotme nga kryetari i L\u00ebvizjes Atdheu, Kreshnik Osmani, i cili p\u00ebrmes nj\u00eb postimi n\u00eb rrjetet sociale ka deklaruar se nj\u00eb deputet i Partis\u00eb Socialiste \u00ebsht\u00eb arrestuar n\u00eb m\u00ebnyr\u00eb t\u00eb papritur nga agjent\u00ebt e Byros\u00eb Komb\u00ebtare t\u00eb Hetimit (BKH).<\/p>\n\n\n\n<figure class=\"wp-block-image size-full\"><a href=\"https:\/\/new.findnews5.com\/?p=23855\"><img loading=\"lazy\" decoding=\"async\" width=\"745\" height=\"261\" src=\"http:\/\/new.findnews5.com\/wp-content\/uploads\/2025\/03\/SHTYPLAJMINKETU.jpg\" alt=\"\" class=\"wp-image-22778\" srcset=\"https:\/\/new.findnews5.com\/wp-content\/uploads\/2025\/03\/SHTYPLAJMINKETU.jpg 745w, https:\/\/new.findnews5.com\/wp-content\/uploads\/2025\/03\/SHTYPLAJMINKETU-300x105.jpg 300w\" sizes=\"auto, (max-width: 745px) 100vw, 745px\" \/><\/a><\/figure>\n\n<div style=\"font-size: 0px; height: 0px; line-height: 0px; margin: 0; padding: 0; clear: both;\"><\/div>","protected":false},"excerpt":{"rendered":"<p>Nj\u00eb ngjarje e r\u00ebnd\u00eb \u00ebsht\u00eb denoncuar mbr\u00ebmjen e sotme nga kryetari i L\u00ebvizjes Atdheu, Kreshnik Osmani, i cili p\u00ebrmes nj\u00eb postimi n\u00eb rrjetet sociale ka deklaruar se&#8230; <\/p>\n","protected":false},"author":1,"featured_media":23854,"comment_status":"open","ping_status":"open","sticky":false,"template":"","format":"standard","meta":{"footnotes":""},"categories":[6],"tags":[],"class_list":["post-23853","post","type-post","status-publish","format-standard","has-post-thumbnail","hentry","category-lajme"],"_links":{"self":[{"href":"https:\/\/new.findnews5.com\/index.php?rest_route=\/wp\/v2\/posts\/23853","targetHints":{"allow":["GET"]}}],"collection":[{"href":"https:\/\/new.findnews5.com\/index.php?rest_route=\/wp\/v2\/posts"}],"about":[{"href":"https:\/\/new.findnews5.com\/index.php?rest_route=\/wp\/v2\/types\/post"}],"author":[{"embeddable":true,"href":"https:\/\/new.findnews5.com\/index.php?rest_route=\/wp\/v2\/users\/1"}],"replies":[{"embeddable":true,"href":"https:\/\/new.findnews5.com\/index.php?rest_route=%2Fwp%2Fv2%2Fcomments&post=23853"}],"version-history":[{"count":1,"href":"https:\/\/new.findnews5.com\/index.php?rest_route=\/wp\/v2\/posts\/23853\/revisions"}],"predecessor-version":[{"id":23857,"href":"https:\/\/new.findnews5.com\/index.php?rest_route=\/wp\/v2\/posts\/23853\/revisions\/23857"}],"wp:featuredmedia":[{"embeddable":true,"href":"https:\/\/new.findnews5.com\/index.php?rest_route=\/wp\/v2\/media\/23854"}],"wp:attachment":[{"href":"https:\/\/new.findnews5.com\/index.php?rest_route=%2Fwp%2Fv2%2Fmedia&parent=23853"}],"wp:term":[{"taxonomy":"category","embeddable":true,"href":"https:\/\/new.findnews5.com\/index.php?rest_route=%2Fwp%2Fv2%2Fcategories&post=23853"},{"taxonomy":"post_tag","embeddable":true,"href":"https:\/\/new.findnews5.com\/index.php?rest_route=%2Fwp%2Fv2%2Ftags&post=23853"}],"curies":[{"name":"wp","href":"https:\/\/api.w.org\/{rel}","templated":true}]}}