{"id":23791,"date":"2025-04-16T04:20:08","date_gmt":"2025-04-16T04:20:08","guid":{"rendered":"https:\/\/new.findnews5.com\/?p=23791"},"modified":"2025-04-16T04:20:12","modified_gmt":"2025-04-16T04:20:12","slug":"23791","status":"publish","type":"post","link":"https:\/\/new.findnews5.com\/?p=23791","title":{"rendered":""},"content":{"rendered":"<div class=\"78954ae5fa42b68c1393fe3da4998882\" data-index=\"1\" style=\"float: none; margin:0px 0 0px 0; text-align:center;\">\n<div data-type=\"_mgwidget\" data-widget-id=\"1576712\">\r\n<\/div>\r\n<script>(function(w,q){w[q]=w[q]||[];w[q].push([\"_mgc.load\"])})(window,\"_mgq\");\r\n<\/script>\r\n\n<\/div>\n\n<p>I.<\/p>\n\n\n\n<p>Kjo s\u00eb cil\u00ebs ne i themi demokraci e Shqip\u00ebris\u00eb, ende \u00ebsht\u00eb nj\u00eb th\u00ebnie q\u00eb nuk e ka marr\u00eb dot realisht kuptimin e fjal\u00ebs Demokraci, sepse ende ne shqiptar\u00ebt nuk e kemi kaluar fjal\u00ebn demokraci n\u00eb konceptin demokraci: ajo n\u00eb Shqip\u00ebri \u00ebsht\u00eb ende fjal\u00eb.<\/p>\n\n\n\n<p>Sot n\u00eb Shqip\u00ebri\u2026<\/p>\n\n\n\n<p>Nuk ka diktatur\u00eb, nuk ka izolim t\u00eb Shqip\u00ebris\u00eb, nuk ka burgje diktature, por ende nuk ka zhvillim t\u00eb plot\u00eb t\u00eb t\u00eb gjitha aspekteve t\u00eb jet\u00ebs shoq\u00ebrore. Kryesorja \u00ebsht\u00eb se Shqip\u00ebria sot nuk ka m\u00eb zhvillim industrial. N\u00eb nj\u00eb koh\u00eb q\u00eb komunizmi e la industrializimin n\u00eb Shqip\u00ebri.<\/p>\n\n\n\n<p>Por, viti 1992, solli shkat\u00ebrrimin antishqiptar, i cili nuk ishte par\u00eb as n\u00eb koh\u00ebn e pushtimit osman.<\/p>\n\n\n\n<p>Komunizmi la n\u00eb Shqip\u00ebri 500 uzina dhe fabrika, dhe tani nuk ka asnj\u00eb: jan\u00eb shkat\u00ebrruar q\u00eb t\u00eb gjitha.<\/p>\n\n\n\n<p>Do thoni ju kush i shkat\u00ebrroi?<\/p>\n\n\n\n<p>Ato i shkat\u00ebrroi tradhtia komb\u00ebtare, n\u00eb periudh\u00ebn 1992 \u2013 1996.<\/p>\n\n\n\n<p>Nj\u00eb bandit serb antishqiptar na e sqaroi para nj\u00eb viti enigm\u00ebn e shkat\u00ebrrimit, kur ai u shpreh n\u00eb Parlamentin e Serbis\u00eb se: me 40 milion\u00eb dollar\u00eb, ne serb\u00ebt, n\u00eb periudh\u00ebn 1992-1996, shkat\u00ebrruam 500 uzina dhe fabrika n\u00eb Shqip\u00ebri.<\/p>\n\n\n\n<p>II.<\/p>\n\n\n\n<p>Ja, kjo \u00ebsht\u00eb ngjarja, dhe shkat\u00ebrruesi kryesor i Shqip\u00ebris\u00eb, Sali Berisha, flet p\u00ebrdit\u00eb p\u00ebrralla agresive \u2013 dit\u00eb p\u00ebr dit\u00eb n\u00eb Parlamentin e Shqip\u00ebris\u00eb.<\/p>\n\n\n\n<p>Por nd\u00ebrkoh\u00eb, ky shkat\u00ebrrues i Shqip\u00ebris\u00eb, \u00ebsht\u00eb i akuzuar nga SPAK p\u00ebr Korrupsion.<\/p>\n\n\n\n<p>Dhe koha po ec\u00ebn. Dhe ne e kemi shpres\u00ebn antikorrupsion te SPAK.<\/p>\n\n\n\n<p>Dhe tani dihet bot\u00ebrisht se SPAK drejtohet nga ekspertiza profesionale e ardhur nga Shtetet e Bashkuara t\u00eb Amerik\u00ebs, me ekspert\u00ebt e lart\u00eb q\u00eb po e drejtojn\u00eb SPAK-un profesionalisht.<\/p>\n\n\n\n<p>E keni d\u00ebgjuara Sali Berish\u00ebn si flet kund\u00ebr SPAK? Edhe Saliu e di q\u00eb SPAK- u drejtohet nga ekspert\u00ebt amerikan\u00eb, aty jan\u00eb ekspert\u00ebt; pse, a nuk i ka par\u00eb Saliu? Si nuk i ka par\u00eb! por ka n\u00eb kok\u00eb mendimin permanent q\u00eb ai nuk do d\u00ebnohet dot nga SPAK, sepse n\u00eb USA ka ardhur si president Donald Trump, dhe Saliu priti shkat\u00ebrrimin e SPAK.<\/p>\n\n<div style=\"font-size: 0px; height: 0px; line-height: 0px; margin: 0; padding: 0; clear: both;\"><\/div>","protected":false},"excerpt":{"rendered":"<p>I. Kjo s\u00eb cil\u00ebs ne i themi demokraci e Shqip\u00ebris\u00eb, ende \u00ebsht\u00eb nj\u00eb th\u00ebnie q\u00eb nuk e ka marr\u00eb dot realisht kuptimin e fjal\u00ebs Demokraci, sepse ende&#8230; <\/p>\n","protected":false},"author":1,"featured_media":0,"comment_status":"open","ping_status":"open","sticky":false,"template":"","format":"standard","meta":{"footnotes":""},"categories":[6],"tags":[],"class_list":["post-23791","post","type-post","status-publish","format-standard","hentry","category-lajme"],"_links":{"self":[{"href":"https:\/\/new.findnews5.com\/index.php?rest_route=\/wp\/v2\/posts\/23791","targetHints":{"allow":["GET"]}}],"collection":[{"href":"https:\/\/new.findnews5.com\/index.php?rest_route=\/wp\/v2\/posts"}],"about":[{"href":"https:\/\/new.findnews5.com\/index.php?rest_route=\/wp\/v2\/types\/post"}],"author":[{"embeddable":true,"href":"https:\/\/new.findnews5.com\/index.php?rest_route=\/wp\/v2\/users\/1"}],"replies":[{"embeddable":true,"href":"https:\/\/new.findnews5.com\/index.php?rest_route=%2Fwp%2Fv2%2Fcomments&post=23791"}],"version-history":[{"count":1,"href":"https:\/\/new.findnews5.com\/index.php?rest_route=\/wp\/v2\/posts\/23791\/revisions"}],"predecessor-version":[{"id":23793,"href":"https:\/\/new.findnews5.com\/index.php?rest_route=\/wp\/v2\/posts\/23791\/revisions\/23793"}],"wp:attachment":[{"href":"https:\/\/new.findnews5.com\/index.php?rest_route=%2Fwp%2Fv2%2Fmedia&parent=23791"}],"wp:term":[{"taxonomy":"category","embeddable":true,"href":"https:\/\/new.findnews5.com\/index.php?rest_route=%2Fwp%2Fv2%2Fcategories&post=23791"},{"taxonomy":"post_tag","embeddable":true,"href":"https:\/\/new.findnews5.com\/index.php?rest_route=%2Fwp%2Fv2%2Ftags&post=23791"}],"curies":[{"name":"wp","href":"https:\/\/api.w.org\/{rel}","templated":true}]}}