{"id":23723,"date":"2025-04-14T18:39:23","date_gmt":"2025-04-14T18:39:23","guid":{"rendered":"https:\/\/new.findnews5.com\/?p=23723"},"modified":"2025-04-14T18:39:26","modified_gmt":"2025-04-14T18:39:26","slug":"23723","status":"publish","type":"post","link":"https:\/\/new.findnews5.com\/?p=23723","title":{"rendered":""},"content":{"rendered":"<div class=\"78954ae5fa42b68c1393fe3da4998882\" data-index=\"1\" style=\"float: none; margin:0px 0 0px 0; text-align:center;\">\n<div data-type=\"_mgwidget\" data-widget-id=\"1576712\">\r\n<\/div>\r\n<script>(function(w,q){w[q]=w[q]||[];w[q].push([\"_mgc.load\"])})(window,\"_mgq\");\r\n<\/script>\r\n\n<\/div>\n\n<p>Zebervoki, ish-banori i formatit, ka hyr\u00eb live n\u00eb Instagram p\u00ebr t\u00eb komentuar ngjarjen.<\/p>\n\n\n\n<p>Ai \u00ebsht\u00eb shprehur i revoltuar, jo ndaj incidentit n\u00eb vetvete, por ndaj disa komenteve q\u00eb lexonte n\u00eb rrjete sociale, si\u00e7 ishte: \u201cLe t\u00eb vij\u00eb Jozi n\u00eb Kosov\u00eb\u201d.<\/p>\n\n\n\n<p>\u201cN\u00ebse vjen Jozi n\u00eb Kosov\u00eb, vij edhe un\u00eb me t\u00eb\u201d, tha Zebervoki, duke sqaruar se nuk po e mbronte at\u00eb, por kund\u00ebrshtonte reagimet q\u00eb nxisin dhun\u00eb me dhun\u00eb.<\/p>\n\n\n\n<p>Ai theksoi se nuk i p\u00eblqen aspak shprehja \u201csi mund nj\u00eb shqiptar i Shqip\u00ebris\u00eb t\u00eb godas\u00eb nj\u00eb shqiptar t\u00eb Kosov\u00ebs\u201d, duke shtuar se, sipas tij, duhej th\u00ebn\u00eb thjesht: \u201cnj\u00eb shqiptar godet nj\u00eb shqiptar tjet\u00ebr\u201d.<\/p>\n\n\n\n<p>N\u00eb live-in e tij, Zebervoki p\u00ebrmendi gjithashtu edhe videon q\u00eb qarkulloi n\u00eb rrjet, ku disa t\u00eb rinj shfaqeshin para Top Channel duke th\u00ebn\u00eb: \u201cHajde p\u00ebrballu me burra\u201d, menj\u00ebher\u00eb pas incidentit.<\/p>\n\n\n\n<p>Sipas tij, kjo nuk ishte zgjidhja e duhur dhe vuri n\u00eb dukje se ata djem nuk q\u00ebndruan m\u00eb shum\u00eb se tre minuta aty.<\/p>\n\n\n\n<p>N\u00eb fund, ai u b\u00ebri thirrje ndjek\u00ebsve t\u00eb tregohen t\u00eb kujdessh\u00ebm me fjal\u00ebt dhe t\u00eb mos nxisin p\u00ebr\u00e7arje mes shqiptar\u00ebve nga t\u00eb dy an\u00ebt e kufirit.<\/p>\n\n<div style=\"font-size: 0px; height: 0px; line-height: 0px; margin: 0; padding: 0; clear: both;\"><\/div>","protected":false},"excerpt":{"rendered":"<p>Zebervoki, ish-banori i formatit, ka hyr\u00eb live n\u00eb Instagram p\u00ebr t\u00eb komentuar ngjarjen. Ai \u00ebsht\u00eb shprehur i revoltuar, jo ndaj incidentit n\u00eb vetvete, por ndaj disa komenteve&#8230; <\/p>\n","protected":false},"author":1,"featured_media":0,"comment_status":"open","ping_status":"open","sticky":false,"template":"","format":"standard","meta":{"footnotes":""},"categories":[6],"tags":[],"class_list":["post-23723","post","type-post","status-publish","format-standard","hentry","category-lajme"],"_links":{"self":[{"href":"https:\/\/new.findnews5.com\/index.php?rest_route=\/wp\/v2\/posts\/23723","targetHints":{"allow":["GET"]}}],"collection":[{"href":"https:\/\/new.findnews5.com\/index.php?rest_route=\/wp\/v2\/posts"}],"about":[{"href":"https:\/\/new.findnews5.com\/index.php?rest_route=\/wp\/v2\/types\/post"}],"author":[{"embeddable":true,"href":"https:\/\/new.findnews5.com\/index.php?rest_route=\/wp\/v2\/users\/1"}],"replies":[{"embeddable":true,"href":"https:\/\/new.findnews5.com\/index.php?rest_route=%2Fwp%2Fv2%2Fcomments&post=23723"}],"version-history":[{"count":1,"href":"https:\/\/new.findnews5.com\/index.php?rest_route=\/wp\/v2\/posts\/23723\/revisions"}],"predecessor-version":[{"id":23724,"href":"https:\/\/new.findnews5.com\/index.php?rest_route=\/wp\/v2\/posts\/23723\/revisions\/23724"}],"wp:attachment":[{"href":"https:\/\/new.findnews5.com\/index.php?rest_route=%2Fwp%2Fv2%2Fmedia&parent=23723"}],"wp:term":[{"taxonomy":"category","embeddable":true,"href":"https:\/\/new.findnews5.com\/index.php?rest_route=%2Fwp%2Fv2%2Fcategories&post=23723"},{"taxonomy":"post_tag","embeddable":true,"href":"https:\/\/new.findnews5.com\/index.php?rest_route=%2Fwp%2Fv2%2Ftags&post=23723"}],"curies":[{"name":"wp","href":"https:\/\/api.w.org\/{rel}","templated":true}]}}