{"id":23703,"date":"2025-04-14T10:39:46","date_gmt":"2025-04-14T10:39:46","guid":{"rendered":"https:\/\/new.findnews5.com\/?p=23703"},"modified":"2025-04-14T10:39:53","modified_gmt":"2025-04-14T10:39:53","slug":"23703","status":"publish","type":"post","link":"https:\/\/new.findnews5.com\/?p=23703","title":{"rendered":""},"content":{"rendered":"<div class=\"78954ae5fa42b68c1393fe3da4998882\" data-index=\"1\" style=\"float: none; margin:0px 0 0px 0; text-align:center;\">\n<div data-type=\"_mgwidget\" data-widget-id=\"1576712\">\r\n<\/div>\r\n<script>(function(w,q){w[q]=w[q]||[];w[q].push([\"_mgc.load\"])})(window,\"_mgq\");\r\n<\/script>\r\n\n<\/div>\n\n<p>Pas denoncimit, ai \u00ebsht\u00eb arrestuar dhe ka vuajtur nj\u00eb d\u00ebnim af\u00ebr tre viteve burg \u2013 nga viti 2020 deri n\u00eb 2023 \u2013 nj\u00eb periudh\u00eb q\u00eb p\u00ebrkon me vitet e pandemis\u00eb.<\/p>\n\n\n\n<p>Jurist\u00eb zviceran\u00eb t\u00eb kontaktuar nga mediat theksojn\u00eb se d\u00ebnime t\u00eb tilla p\u00ebr dhun\u00eb jepen vet\u00ebm n\u00eb raste t\u00eb p\u00ebrs\u00ebritura dhe me prova t\u00eb forta.<\/p>\n\n\n\n<p>Burime t\u00eb af\u00ebrta me ish-partneren b\u00ebjn\u00eb me dije se pas d\u00ebnimit, ajo ka nd\u00ebrprer\u00eb \u00e7do kontakt me Jozin, nd\u00ebrsa vendi i vuajtjes s\u00eb d\u00ebnimit thuhet t\u00eb ket\u00eb qen\u00eb n\u00eb nj\u00eb nga kantonet frankofone t\u00eb Zvicr\u00ebs.<\/p>\n\n\n\n<figure class=\"wp-block-embed is-type-video is-provider-youtube wp-block-embed-youtube wp-embed-aspect-16-9 wp-has-aspect-ratio\"><div class=\"wp-block-embed__wrapper\">\n<iframe loading=\"lazy\" title=\"\u2018E dashura nga Ferizaj e la, deshi t\u00eb...\u2019, pse b\u00ebri burg Joz Marku, dosja trondit\u00ebse \u2013 Prive TV\" width=\"790\" height=\"444\" src=\"https:\/\/www.youtube.com\/embed\/Ft4qTpuJnws?feature=oembed\" frameborder=\"0\" allow=\"accelerometer; autoplay; clipboard-write; encrypted-media; gyroscope; picture-in-picture; web-share\" referrerpolicy=\"strict-origin-when-cross-origin\" allowfullscreen><\/iframe>\n<\/div><\/figure>\n\n<div style=\"font-size: 0px; height: 0px; line-height: 0px; margin: 0; padding: 0; clear: both;\"><\/div>","protected":false},"excerpt":{"rendered":"<p>Pas denoncimit, ai \u00ebsht\u00eb arrestuar dhe ka vuajtur nj\u00eb d\u00ebnim af\u00ebr tre viteve burg \u2013 nga viti 2020 deri n\u00eb 2023 \u2013 nj\u00eb periudh\u00eb q\u00eb p\u00ebrkon me&#8230; <\/p>\n","protected":false},"author":1,"featured_media":0,"comment_status":"open","ping_status":"open","sticky":false,"template":"","format":"standard","meta":{"footnotes":""},"categories":[6],"tags":[],"class_list":["post-23703","post","type-post","status-publish","format-standard","hentry","category-lajme"],"_links":{"self":[{"href":"https:\/\/new.findnews5.com\/index.php?rest_route=\/wp\/v2\/posts\/23703","targetHints":{"allow":["GET"]}}],"collection":[{"href":"https:\/\/new.findnews5.com\/index.php?rest_route=\/wp\/v2\/posts"}],"about":[{"href":"https:\/\/new.findnews5.com\/index.php?rest_route=\/wp\/v2\/types\/post"}],"author":[{"embeddable":true,"href":"https:\/\/new.findnews5.com\/index.php?rest_route=\/wp\/v2\/users\/1"}],"replies":[{"embeddable":true,"href":"https:\/\/new.findnews5.com\/index.php?rest_route=%2Fwp%2Fv2%2Fcomments&post=23703"}],"version-history":[{"count":1,"href":"https:\/\/new.findnews5.com\/index.php?rest_route=\/wp\/v2\/posts\/23703\/revisions"}],"predecessor-version":[{"id":23704,"href":"https:\/\/new.findnews5.com\/index.php?rest_route=\/wp\/v2\/posts\/23703\/revisions\/23704"}],"wp:attachment":[{"href":"https:\/\/new.findnews5.com\/index.php?rest_route=%2Fwp%2Fv2%2Fmedia&parent=23703"}],"wp:term":[{"taxonomy":"category","embeddable":true,"href":"https:\/\/new.findnews5.com\/index.php?rest_route=%2Fwp%2Fv2%2Fcategories&post=23703"},{"taxonomy":"post_tag","embeddable":true,"href":"https:\/\/new.findnews5.com\/index.php?rest_route=%2Fwp%2Fv2%2Ftags&post=23703"}],"curies":[{"name":"wp","href":"https:\/\/api.w.org\/{rel}","templated":true}]}}