{"id":23668,"date":"2025-04-13T12:48:47","date_gmt":"2025-04-13T12:48:47","guid":{"rendered":"https:\/\/new.findnews5.com\/?p=23668"},"modified":"2025-04-13T12:48:51","modified_gmt":"2025-04-13T12:48:51","slug":"23668","status":"publish","type":"post","link":"https:\/\/new.findnews5.com\/?p=23668","title":{"rendered":""},"content":{"rendered":"<div class=\"78954ae5fa42b68c1393fe3da4998882\" data-index=\"1\" style=\"float: none; margin:0px 0 0px 0; text-align:center;\">\n<div data-type=\"_mgwidget\" data-widget-id=\"1576712\">\r\n<\/div>\r\n<script>(function(w,q){w[q]=w[q]||[];w[q].push([\"_mgc.load\"])})(window,\"_mgq\");\r\n<\/script>\r\n\n<\/div>\n\n<p>Sipas Nenit 90 t\u00eb Kodit Penal, goditja e nj\u00eb personi tjet\u00ebr, edhe n\u00ebse nuk l\u00eb pasoja t\u00eb r\u00ebnda fizike, konsiderohet akt dhune me dashje, dhe d\u00ebnohet me gjob\u00eb ose me burgim deri n\u00eb 2 vjet.<\/p>\n\n\n\n<p>Ngjarja, e cila ndodhi n\u00eb m\u00ebnyr\u00eb t\u00eb papritur dhe publikisht p\u00ebrball\u00eb mij\u00ebra shikuesve, e rrit ndjeshm\u00ebrin\u00eb morale dhe sociale t\u00eb rastit. Megjith\u00ebse fakti q\u00eb ndodhi gjat\u00eb nj\u00eb transmetimi televiziv nuk e ndryshon automatikisht klasifikimin penal, ai mund t\u00eb ndikoj\u00eb n\u00eb vler\u00ebsimin e rrezikshm\u00ebris\u00eb shoq\u00ebrore t\u00eb vepr\u00ebs dhe n\u00eb m\u00ebnyr\u00ebn si prokuroria i qaset rastit.<\/p>\n\n\n\n<p>Procedimi penal p\u00ebr k\u00ebt\u00eb vep\u00ebr zakonisht nis me kall\u00ebzim nga viktima, p\u00ebrve\u00e7 rasteve kur prokuroria vendos t\u00eb nd\u00ebrhyj\u00eb vet\u00eb, p\u00ebr shkak t\u00eb ndjeshm\u00ebris\u00eb s\u00eb lart\u00eb publike \u2013 si\u00e7 mund t\u00eb ndodh\u00eb n\u00eb k\u00ebt\u00eb rast konkret, ku incidenti u b\u00eb viral dhe shkaktoi reagime t\u00eb shumta n\u00eb rrjetet sociale.<\/p>\n\n<div style=\"font-size: 0px; height: 0px; line-height: 0px; margin: 0; padding: 0; clear: both;\"><\/div>","protected":false},"excerpt":{"rendered":"<p>Sipas Nenit 90 t\u00eb Kodit Penal, goditja e nj\u00eb personi tjet\u00ebr, edhe n\u00ebse nuk l\u00eb pasoja t\u00eb r\u00ebnda fizike, konsiderohet akt dhune me dashje, dhe d\u00ebnohet me&#8230; <\/p>\n","protected":false},"author":1,"featured_media":0,"comment_status":"open","ping_status":"open","sticky":false,"template":"","format":"standard","meta":{"footnotes":""},"categories":[6],"tags":[],"class_list":["post-23668","post","type-post","status-publish","format-standard","hentry","category-lajme"],"_links":{"self":[{"href":"https:\/\/new.findnews5.com\/index.php?rest_route=\/wp\/v2\/posts\/23668","targetHints":{"allow":["GET"]}}],"collection":[{"href":"https:\/\/new.findnews5.com\/index.php?rest_route=\/wp\/v2\/posts"}],"about":[{"href":"https:\/\/new.findnews5.com\/index.php?rest_route=\/wp\/v2\/types\/post"}],"author":[{"embeddable":true,"href":"https:\/\/new.findnews5.com\/index.php?rest_route=\/wp\/v2\/users\/1"}],"replies":[{"embeddable":true,"href":"https:\/\/new.findnews5.com\/index.php?rest_route=%2Fwp%2Fv2%2Fcomments&post=23668"}],"version-history":[{"count":1,"href":"https:\/\/new.findnews5.com\/index.php?rest_route=\/wp\/v2\/posts\/23668\/revisions"}],"predecessor-version":[{"id":23669,"href":"https:\/\/new.findnews5.com\/index.php?rest_route=\/wp\/v2\/posts\/23668\/revisions\/23669"}],"wp:attachment":[{"href":"https:\/\/new.findnews5.com\/index.php?rest_route=%2Fwp%2Fv2%2Fmedia&parent=23668"}],"wp:term":[{"taxonomy":"category","embeddable":true,"href":"https:\/\/new.findnews5.com\/index.php?rest_route=%2Fwp%2Fv2%2Fcategories&post=23668"},{"taxonomy":"post_tag","embeddable":true,"href":"https:\/\/new.findnews5.com\/index.php?rest_route=%2Fwp%2Fv2%2Ftags&post=23668"}],"curies":[{"name":"wp","href":"https:\/\/api.w.org\/{rel}","templated":true}]}}