{"id":23662,"date":"2025-04-13T10:58:26","date_gmt":"2025-04-13T10:58:26","guid":{"rendered":"https:\/\/new.findnews5.com\/?p=23662"},"modified":"2025-04-13T10:58:29","modified_gmt":"2025-04-13T10:58:29","slug":"23662","status":"publish","type":"post","link":"https:\/\/new.findnews5.com\/?p=23662","title":{"rendered":""},"content":{"rendered":"<div class=\"78954ae5fa42b68c1393fe3da4998882\" data-index=\"1\" style=\"float: none; margin:0px 0 0px 0; text-align:center;\">\n<div data-type=\"_mgwidget\" data-widget-id=\"1576712\">\r\n<\/div>\r\n<script>(function(w,q){w[q]=w[q]||[];w[q].push([\"_mgc.load\"])})(window,\"_mgq\");\r\n<\/script>\r\n\n<\/div>\n\n<p>Jozefin Markun, i cili u mor n\u00eb pyetje lidhur me ngjarjen n\u00eb fjal\u00eb dhe u la i lir\u00eb rreth or\u00ebs 05.00 t\u00eb m\u00ebngjesit, raporton TCH. Pas goditjes banori del nga sht\u00ebpia dhe futet n\u00eb makin\u00ebn e policis\u00eb me pranga n\u00eb duar.<\/p>\n\n\n\n<p>Policia thot\u00eb se ndaj tij nisi procedimi n\u00eb gjendje t\u00eb lir\u00eb.<\/p>\n\n\n\n<p>\u201cSpecialist\u00ebt p\u00ebr Hetimin e Krimeve t\u00eb Komisariatit t\u00eb Policis\u00eb Nr. 6: referuan materialet n\u00eb Prokurori, ku nisi procedimi n\u00eb gjendje t\u00eb lir\u00eb p\u00ebr shtetasin J. M., 29 vje\u00e7, pasi gjat\u00eb transmetimit t\u00eb nj\u00eb reality show, ka q\u00eblluar me p\u00ebll\u00ebmb\u00eb shtetasin B. K.\u201d-njofton policia.<\/p>\n\n\n\n<p>Akti i papranuesh\u00ebm ndodhi gjat\u00eb transmetimit t\u00eb drejtp\u00ebrdrejt\u00eb t\u00eb mbr\u00ebmjes s\u00eb djeshme n\u00eb formatin Big Brother Albania. Ky veprim i paprecedent\u00eb u transmetua n\u00eb koh\u00eb reale dhe u ndoq nga nj\u00eb publik i gjer\u00eb komb\u00ebtar.<\/p>\n\n\n\n<p>Top Channel reagoi menj\u00ebher\u00eb duke d\u00ebnuar me vendosm\u00ebri \u00e7do form\u00eb dhune dhe ritheksuar angazhimin e tij ndaj standardeve m\u00eb t\u00eb larta t\u00eb etik\u00ebs profesionale, p\u00ebrgjegj\u00ebsis\u00eb publike dhe komunikimit t\u00eb sigurt<\/p>\n\n<div style=\"font-size: 0px; height: 0px; line-height: 0px; margin: 0; padding: 0; clear: both;\"><\/div>","protected":false},"excerpt":{"rendered":"<p>Jozefin Markun, i cili u mor n\u00eb pyetje lidhur me ngjarjen n\u00eb fjal\u00eb dhe u la i lir\u00eb rreth or\u00ebs 05.00 t\u00eb m\u00ebngjesit, raporton TCH. Pas goditjes&#8230; <\/p>\n","protected":false},"author":1,"featured_media":0,"comment_status":"open","ping_status":"open","sticky":false,"template":"","format":"standard","meta":{"footnotes":""},"categories":[6],"tags":[],"class_list":["post-23662","post","type-post","status-publish","format-standard","hentry","category-lajme"],"_links":{"self":[{"href":"https:\/\/new.findnews5.com\/index.php?rest_route=\/wp\/v2\/posts\/23662","targetHints":{"allow":["GET"]}}],"collection":[{"href":"https:\/\/new.findnews5.com\/index.php?rest_route=\/wp\/v2\/posts"}],"about":[{"href":"https:\/\/new.findnews5.com\/index.php?rest_route=\/wp\/v2\/types\/post"}],"author":[{"embeddable":true,"href":"https:\/\/new.findnews5.com\/index.php?rest_route=\/wp\/v2\/users\/1"}],"replies":[{"embeddable":true,"href":"https:\/\/new.findnews5.com\/index.php?rest_route=%2Fwp%2Fv2%2Fcomments&post=23662"}],"version-history":[{"count":1,"href":"https:\/\/new.findnews5.com\/index.php?rest_route=\/wp\/v2\/posts\/23662\/revisions"}],"predecessor-version":[{"id":23663,"href":"https:\/\/new.findnews5.com\/index.php?rest_route=\/wp\/v2\/posts\/23662\/revisions\/23663"}],"wp:attachment":[{"href":"https:\/\/new.findnews5.com\/index.php?rest_route=%2Fwp%2Fv2%2Fmedia&parent=23662"}],"wp:term":[{"taxonomy":"category","embeddable":true,"href":"https:\/\/new.findnews5.com\/index.php?rest_route=%2Fwp%2Fv2%2Fcategories&post=23662"},{"taxonomy":"post_tag","embeddable":true,"href":"https:\/\/new.findnews5.com\/index.php?rest_route=%2Fwp%2Fv2%2Ftags&post=23662"}],"curies":[{"name":"wp","href":"https:\/\/api.w.org\/{rel}","templated":true}]}}