{"id":23632,"date":"2025-04-12T19:34:37","date_gmt":"2025-04-12T19:34:37","guid":{"rendered":"https:\/\/new.findnews5.com\/?p=23632"},"modified":"2025-04-12T19:34:42","modified_gmt":"2025-04-12T19:34:42","slug":"23632","status":"publish","type":"post","link":"https:\/\/new.findnews5.com\/?p=23632","title":{"rendered":""},"content":{"rendered":"<div class=\"78954ae5fa42b68c1393fe3da4998882\" data-index=\"1\" style=\"float: none; margin:0px 0 0px 0; text-align:center;\">\n<div data-type=\"_mgwidget\" data-widget-id=\"1576712\">\r\n<\/div>\r\n<script>(function(w,q){w[q]=w[q]||[];w[q].push([\"_mgc.load\"])})(window,\"_mgq\");\r\n<\/script>\r\n\n<\/div>\n\n<p>\u201c<em>2030-a \u00ebsht\u00eb nj\u00eb objektiv realist p\u00ebr t\u2019u an\u00ebtar\u00ebsuar n\u00eb Bashkimin Europian, n\u00eb rast se t\u00eb gjith\u00eb do t\u00eb nd\u00ebrmarrim hapat e duhur gjat\u00eb rrug\u00ebs. Jo vet\u00ebm me reformat q\u00eb duhen miratuar, por edhe t\u00eb vihen n\u00eb zbatim, sundimi i ligjit \u00ebsht\u00eb ve\u00e7an\u00ebrisht i r\u00ebnd\u00ebsish\u00ebm se \u00ebsht\u00eb nj\u00eb nga themelet i BE dhe begatis\u00eb s\u00eb nj\u00eb vendi. N\u00eb rast se kan\u00eb besim te sistemi juaj ligjor kan\u00eb besim p\u00ebr t\u00eb investuar. \u00cbsht\u00eb realiste n\u00eb rast se t\u00eb gjith\u00eb b\u00ebjm\u00eb detyra e sht\u00ebpis\u00eb<\/em>\u201d, tha kryediplomatja e BE.<\/p>\n\n\n\n<p>Nga ana e tij, Rama tha se Shqip\u00ebria po punon \u00e7do dit\u00eb p\u00ebr k\u00ebt\u00eb objektiv.<\/p>\n\n\n\n<p>\u201c<em>Plani yn\u00eb \u00ebsht\u00eb t\u00eb p\u00ebrmbyllim me sukses negociatat deri n\u00eb 2027. Ambicia \u00ebsht\u00eb q\u00eb brenda vitit t\u00eb hapim t\u00eb gjith\u00eb kapitujt, \u00ebsht\u00eb pjes\u00eb e planit t\u00eb dakord\u00ebsuar dhe kur k\u00ebto t\u00eb b\u00ebhen realitet nuk ka asnj\u00eb penges\u00eb, p\u00ebrderisa BE e ka hapur der\u00ebn. Ne nuk na ndal askush. N\u00eb 11 maj do t\u00eb marrim rezultatin p\u00ebr ta \u00e7uar para k\u00ebt\u00eb proces<\/em>\u201d, tha Rama.p<\/p>\n\n<div style=\"font-size: 0px; height: 0px; line-height: 0px; margin: 0; padding: 0; clear: both;\"><\/div>","protected":false},"excerpt":{"rendered":"<p>\u201c2030-a \u00ebsht\u00eb nj\u00eb objektiv realist p\u00ebr t\u2019u an\u00ebtar\u00ebsuar n\u00eb Bashkimin Europian, n\u00eb rast se t\u00eb gjith\u00eb do t\u00eb nd\u00ebrmarrim hapat e duhur gjat\u00eb rrug\u00ebs. Jo vet\u00ebm me&#8230; <\/p>\n","protected":false},"author":1,"featured_media":0,"comment_status":"open","ping_status":"open","sticky":false,"template":"","format":"standard","meta":{"footnotes":""},"categories":[6],"tags":[],"class_list":["post-23632","post","type-post","status-publish","format-standard","hentry","category-lajme"],"_links":{"self":[{"href":"https:\/\/new.findnews5.com\/index.php?rest_route=\/wp\/v2\/posts\/23632","targetHints":{"allow":["GET"]}}],"collection":[{"href":"https:\/\/new.findnews5.com\/index.php?rest_route=\/wp\/v2\/posts"}],"about":[{"href":"https:\/\/new.findnews5.com\/index.php?rest_route=\/wp\/v2\/types\/post"}],"author":[{"embeddable":true,"href":"https:\/\/new.findnews5.com\/index.php?rest_route=\/wp\/v2\/users\/1"}],"replies":[{"embeddable":true,"href":"https:\/\/new.findnews5.com\/index.php?rest_route=%2Fwp%2Fv2%2Fcomments&post=23632"}],"version-history":[{"count":1,"href":"https:\/\/new.findnews5.com\/index.php?rest_route=\/wp\/v2\/posts\/23632\/revisions"}],"predecessor-version":[{"id":23633,"href":"https:\/\/new.findnews5.com\/index.php?rest_route=\/wp\/v2\/posts\/23632\/revisions\/23633"}],"wp:attachment":[{"href":"https:\/\/new.findnews5.com\/index.php?rest_route=%2Fwp%2Fv2%2Fmedia&parent=23632"}],"wp:term":[{"taxonomy":"category","embeddable":true,"href":"https:\/\/new.findnews5.com\/index.php?rest_route=%2Fwp%2Fv2%2Fcategories&post=23632"},{"taxonomy":"post_tag","embeddable":true,"href":"https:\/\/new.findnews5.com\/index.php?rest_route=%2Fwp%2Fv2%2Ftags&post=23632"}],"curies":[{"name":"wp","href":"https:\/\/api.w.org\/{rel}","templated":true}]}}