{"id":23630,"date":"2025-04-12T19:34:58","date_gmt":"2025-04-12T19:34:58","guid":{"rendered":"https:\/\/new.findnews5.com\/?p=23630"},"modified":"2025-04-12T19:35:01","modified_gmt":"2025-04-12T19:35:01","slug":"a-do-te-jete-shqiperia-ne-2030-vend-i-be-se-kryediplomatja-e-thote-troc-perballe-rames","status":"publish","type":"post","link":"https:\/\/new.findnews5.com\/?p=23630","title":{"rendered":"A do t\u00eb jet\u00eb Shqip\u00ebria n\u00eb 2030 vend i BE-s\u00eb? Kryediplomatja e thot\u00eb tro\u00e7 p\u00ebrball\u00eb Ram\u00ebs\u2026"},"content":{"rendered":"<div class=\"78954ae5fa42b68c1393fe3da4998882\" data-index=\"1\" style=\"float: none; margin:0px 0 0px 0; text-align:center;\">\n<div data-type=\"_mgwidget\" data-widget-id=\"1576712\">\r\n<\/div>\r\n<script>(function(w,q){w[q]=w[q]||[];w[q].push([\"_mgc.load\"])})(window,\"_mgq\");\r\n<\/script>\r\n\n<\/div>\n<p>Viti 2030-a \u00ebsht\u00eb nj\u00eb objektiv realist p\u00ebr t\u2019u an\u00ebtar\u00ebsuar n\u00eb Bashkimin Europian. K\u00ebt\u00eb p\u00ebrgjigje dha p\u00ebrfaq\u00ebsuesja e lart\u00eb e BE-s\u00eb p\u00ebr politik\u00eb t\u00eb jashtme Kaja Kallas, e pyetur nga gazetar\u00ebt n\u00eb konferenc\u00ebn e p\u00ebrbashk\u00ebt p\u00ebr shtyp me kryeministrin Edi Rama.<\/p>\n\n\n<figure class=\"wp-block-image size-full\"><a href=\"https:\/\/new.findnews5.com\/?p=23632\"><img loading=\"lazy\" decoding=\"async\" width=\"745\" height=\"261\" src=\"http:\/\/new.findnews5.com\/wp-content\/uploads\/2025\/03\/SHTYPLAJMINKETU.jpg\" alt=\"\" class=\"wp-image-22778\" srcset=\"https:\/\/new.findnews5.com\/wp-content\/uploads\/2025\/03\/SHTYPLAJMINKETU.jpg 745w, https:\/\/new.findnews5.com\/wp-content\/uploads\/2025\/03\/SHTYPLAJMINKETU-300x105.jpg 300w\" sizes=\"auto, (max-width: 745px) 100vw, 745px\" \/><\/a><\/figure>\n\n<div style=\"font-size: 0px; height: 0px; line-height: 0px; margin: 0; padding: 0; clear: both;\"><\/div>","protected":false},"excerpt":{"rendered":"<p>Viti 2030-a \u00ebsht\u00eb nj\u00eb objektiv realist p\u00ebr t\u2019u an\u00ebtar\u00ebsuar n\u00eb Bashkimin Europian. K\u00ebt\u00eb p\u00ebrgjigje dha p\u00ebrfaq\u00ebsuesja e lart\u00eb e BE-s\u00eb p\u00ebr politik\u00eb t\u00eb jashtme Kaja Kallas, e&#8230; <\/p>\n","protected":false},"author":1,"featured_media":23631,"comment_status":"open","ping_status":"open","sticky":false,"template":"","format":"standard","meta":{"footnotes":""},"categories":[6],"tags":[],"class_list":["post-23630","post","type-post","status-publish","format-standard","has-post-thumbnail","hentry","category-lajme"],"_links":{"self":[{"href":"https:\/\/new.findnews5.com\/index.php?rest_route=\/wp\/v2\/posts\/23630","targetHints":{"allow":["GET"]}}],"collection":[{"href":"https:\/\/new.findnews5.com\/index.php?rest_route=\/wp\/v2\/posts"}],"about":[{"href":"https:\/\/new.findnews5.com\/index.php?rest_route=\/wp\/v2\/types\/post"}],"author":[{"embeddable":true,"href":"https:\/\/new.findnews5.com\/index.php?rest_route=\/wp\/v2\/users\/1"}],"replies":[{"embeddable":true,"href":"https:\/\/new.findnews5.com\/index.php?rest_route=%2Fwp%2Fv2%2Fcomments&post=23630"}],"version-history":[{"count":1,"href":"https:\/\/new.findnews5.com\/index.php?rest_route=\/wp\/v2\/posts\/23630\/revisions"}],"predecessor-version":[{"id":23634,"href":"https:\/\/new.findnews5.com\/index.php?rest_route=\/wp\/v2\/posts\/23630\/revisions\/23634"}],"wp:featuredmedia":[{"embeddable":true,"href":"https:\/\/new.findnews5.com\/index.php?rest_route=\/wp\/v2\/media\/23631"}],"wp:attachment":[{"href":"https:\/\/new.findnews5.com\/index.php?rest_route=%2Fwp%2Fv2%2Fmedia&parent=23630"}],"wp:term":[{"taxonomy":"category","embeddable":true,"href":"https:\/\/new.findnews5.com\/index.php?rest_route=%2Fwp%2Fv2%2Fcategories&post=23630"},{"taxonomy":"post_tag","embeddable":true,"href":"https:\/\/new.findnews5.com\/index.php?rest_route=%2Fwp%2Fv2%2Ftags&post=23630"}],"curies":[{"name":"wp","href":"https:\/\/api.w.org\/{rel}","templated":true}]}}