{"id":23627,"date":"2025-04-12T16:04:09","date_gmt":"2025-04-12T16:04:09","guid":{"rendered":"https:\/\/new.findnews5.com\/?p=23627"},"modified":"2025-04-12T16:04:11","modified_gmt":"2025-04-12T16:04:11","slug":"23627","status":"publish","type":"post","link":"https:\/\/new.findnews5.com\/?p=23627","title":{"rendered":""},"content":{"rendered":"<div class=\"78954ae5fa42b68c1393fe3da4998882\" data-index=\"1\" style=\"float: none; margin:0px 0 0px 0; text-align:center;\">\n<div data-type=\"_mgwidget\" data-widget-id=\"1576712\">\r\n<\/div>\r\n<script>(function(w,q){w[q]=w[q]||[];w[q].push([\"_mgc.load\"])})(window,\"_mgq\");\r\n<\/script>\r\n\n<\/div>\n\n<p>Kjo u interpretua nga kritik\u00ebt si nj\u00eb l\u00ebvizje, q\u00eb at\u00ebher\u00eb e sponsorizuar fort\u00eb nga Edi Rama edhe pse n\u00eb kulisa. Megjithat\u00eb k\u00ebto mbeten vet\u00ebm z\u00ebra dhe thashetheme dhe Blushi iu kthye pasionit t\u00eb tij p\u00ebr librat dhe fotografin\u00eb nd\u00ebr k\u00ebto vite, nd\u00ebrkoh\u00eb q\u00eb s\u00eb fundmi \u00ebsht\u00eb drejtor i informacionit n\u00eb Euronews Albania.<\/p>\n\n\n\n<p>Por papritmas ai \u00ebsht\u00eb shfaqur n\u00eb nj\u00eb ekspozit\u00eb fotografish s\u00eb fundmi n\u00eb mjediset e brendshme t\u00eb kryeministris\u00eb ku propaganda e qeveris\u00eb, por edhe Blushi kan\u00eb paraqitur foto t\u00eb tij p\u00ebr qafe me Edi Ram\u00ebn.<\/p>\n\n\n\n<p>M\u00eb shum\u00eb se Blushit kjo i intereson vet\u00eb Ram\u00ebs p\u00ebr t\u00eb dh\u00ebn\u00eb mesazhin q\u00eb t\u00eb gjith\u00eb armiqt\u00eb e tij politik n\u00eb fund pendohen dhe rikthehen te ai.Ram\u00ebs i intereson n\u00eb fushat\u00eb t\u00eb tregoj\u00eb q\u00eb t\u00eb gjith\u00eb njer\u00ebzit t\u00eb cil\u00ebt kan\u00eb patur konflikte me t\u00eb, n\u00eb fund pendohen dhe rikthehen apo bashk\u00ebpunojn\u00eb me t\u00eb. N\u00eb k\u00ebt\u00eb m\u00ebnyr\u00eb ai d\u00ebshiron t\u00eb tregoj\u00eb se t\u00eb b\u00ebsh biznes me t\u00eb \u00ebsht\u00eb m\u00eb e dobishme sesa t\u00eb jesh armik i tij.<\/p>\n\n<div style=\"font-size: 0px; height: 0px; line-height: 0px; margin: 0; padding: 0; clear: both;\"><\/div>","protected":false},"excerpt":{"rendered":"<p>Kjo u interpretua nga kritik\u00ebt si nj\u00eb l\u00ebvizje, q\u00eb at\u00ebher\u00eb e sponsorizuar fort\u00eb nga Edi Rama edhe pse n\u00eb kulisa. Megjithat\u00eb k\u00ebto mbeten vet\u00ebm z\u00ebra dhe thashetheme&#8230; <\/p>\n","protected":false},"author":1,"featured_media":0,"comment_status":"open","ping_status":"open","sticky":false,"template":"","format":"standard","meta":{"footnotes":""},"categories":[6],"tags":[],"class_list":["post-23627","post","type-post","status-publish","format-standard","hentry","category-lajme"],"_links":{"self":[{"href":"https:\/\/new.findnews5.com\/index.php?rest_route=\/wp\/v2\/posts\/23627","targetHints":{"allow":["GET"]}}],"collection":[{"href":"https:\/\/new.findnews5.com\/index.php?rest_route=\/wp\/v2\/posts"}],"about":[{"href":"https:\/\/new.findnews5.com\/index.php?rest_route=\/wp\/v2\/types\/post"}],"author":[{"embeddable":true,"href":"https:\/\/new.findnews5.com\/index.php?rest_route=\/wp\/v2\/users\/1"}],"replies":[{"embeddable":true,"href":"https:\/\/new.findnews5.com\/index.php?rest_route=%2Fwp%2Fv2%2Fcomments&post=23627"}],"version-history":[{"count":1,"href":"https:\/\/new.findnews5.com\/index.php?rest_route=\/wp\/v2\/posts\/23627\/revisions"}],"predecessor-version":[{"id":23628,"href":"https:\/\/new.findnews5.com\/index.php?rest_route=\/wp\/v2\/posts\/23627\/revisions\/23628"}],"wp:attachment":[{"href":"https:\/\/new.findnews5.com\/index.php?rest_route=%2Fwp%2Fv2%2Fmedia&parent=23627"}],"wp:term":[{"taxonomy":"category","embeddable":true,"href":"https:\/\/new.findnews5.com\/index.php?rest_route=%2Fwp%2Fv2%2Fcategories&post=23627"},{"taxonomy":"post_tag","embeddable":true,"href":"https:\/\/new.findnews5.com\/index.php?rest_route=%2Fwp%2Fv2%2Ftags&post=23627"}],"curies":[{"name":"wp","href":"https:\/\/api.w.org\/{rel}","templated":true}]}}