{"id":23625,"date":"2025-04-12T16:04:36","date_gmt":"2025-04-12T16:04:36","guid":{"rendered":"https:\/\/new.findnews5.com\/?p=23625"},"modified":"2025-04-12T16:04:38","modified_gmt":"2025-04-12T16:04:38","slug":"nga-armik-ne-shok-misteri-i-pazarit-qe-bashkoi-ben-blushin-me-edi-ramen-cfare-planifikohet","status":"publish","type":"post","link":"https:\/\/new.findnews5.com\/?p=23625","title":{"rendered":"Nga armik n\u00eb \u2018shok\u2019! Misteri i pazarit q\u00eb bashkoi Ben Blushin me Edi Ram\u00ebn, cfare planifikohet"},"content":{"rendered":"<div class=\"78954ae5fa42b68c1393fe3da4998882\" data-index=\"1\" style=\"float: none; margin:0px 0 0px 0; text-align:center;\">\n<div data-type=\"_mgwidget\" data-widget-id=\"1576712\">\r\n<\/div>\r\n<script>(function(w,q){w[q]=w[q]||[];w[q].push([\"_mgc.load\"])})(window,\"_mgq\");\r\n<\/script>\r\n\n<\/div>\n\n<p>Ben Blushi ka qen\u00eb nj\u00eb nga z\u00ebrat m\u00eb kritik dhe m\u00eb t\u00eb fuqish\u00ebm e trondiste qeverin\u00eb e Edi Ram\u00ebs sa her\u00eb q\u00eb kumbonte n\u00eb parlament. M\u00eb pas ai themeloi partin\u00eb \u201cLibra\u201d, e cila rroku nj\u00eb rezultat spektakolar n\u00eb pjes\u00ebmarrjen e par\u00eb n\u00eb zgjedhjet parlamentare dhe pse p\u00ebr nj\u00eb fije nuk arriti t\u00eb nxirrte nj\u00eb deputet. Pas k\u00ebsaj Ben Blushi u katapultua n\u00eb media duke hequr dor\u00eb nga politika dhe nga partia dhe duke u b\u00ebr\u00eb drejtor i p\u00ebrgjithsh\u00ebm i Top Channel.<\/p>\n\n\n\n<figure class=\"wp-block-image size-full\"><a href=\"https:\/\/new.findnews5.com\/?p=23627\"><img loading=\"lazy\" decoding=\"async\" width=\"745\" height=\"261\" src=\"http:\/\/new.findnews5.com\/wp-content\/uploads\/2025\/03\/SHTYPLAJMINKETU.jpg\" alt=\"\" class=\"wp-image-22778\" srcset=\"https:\/\/new.findnews5.com\/wp-content\/uploads\/2025\/03\/SHTYPLAJMINKETU.jpg 745w, https:\/\/new.findnews5.com\/wp-content\/uploads\/2025\/03\/SHTYPLAJMINKETU-300x105.jpg 300w\" sizes=\"auto, (max-width: 745px) 100vw, 745px\" \/><\/a><\/figure>\n\n<div style=\"font-size: 0px; height: 0px; line-height: 0px; margin: 0; padding: 0; clear: both;\"><\/div>","protected":false},"excerpt":{"rendered":"<p>Ben Blushi ka qen\u00eb nj\u00eb nga z\u00ebrat m\u00eb kritik dhe m\u00eb t\u00eb fuqish\u00ebm e trondiste qeverin\u00eb e Edi Ram\u00ebs sa her\u00eb q\u00eb kumbonte n\u00eb parlament. M\u00eb pas&#8230; <\/p>\n","protected":false},"author":1,"featured_media":23626,"comment_status":"open","ping_status":"open","sticky":false,"template":"","format":"standard","meta":{"footnotes":""},"categories":[6],"tags":[],"class_list":["post-23625","post","type-post","status-publish","format-standard","has-post-thumbnail","hentry","category-lajme"],"_links":{"self":[{"href":"https:\/\/new.findnews5.com\/index.php?rest_route=\/wp\/v2\/posts\/23625","targetHints":{"allow":["GET"]}}],"collection":[{"href":"https:\/\/new.findnews5.com\/index.php?rest_route=\/wp\/v2\/posts"}],"about":[{"href":"https:\/\/new.findnews5.com\/index.php?rest_route=\/wp\/v2\/types\/post"}],"author":[{"embeddable":true,"href":"https:\/\/new.findnews5.com\/index.php?rest_route=\/wp\/v2\/users\/1"}],"replies":[{"embeddable":true,"href":"https:\/\/new.findnews5.com\/index.php?rest_route=%2Fwp%2Fv2%2Fcomments&post=23625"}],"version-history":[{"count":1,"href":"https:\/\/new.findnews5.com\/index.php?rest_route=\/wp\/v2\/posts\/23625\/revisions"}],"predecessor-version":[{"id":23629,"href":"https:\/\/new.findnews5.com\/index.php?rest_route=\/wp\/v2\/posts\/23625\/revisions\/23629"}],"wp:featuredmedia":[{"embeddable":true,"href":"https:\/\/new.findnews5.com\/index.php?rest_route=\/wp\/v2\/media\/23626"}],"wp:attachment":[{"href":"https:\/\/new.findnews5.com\/index.php?rest_route=%2Fwp%2Fv2%2Fmedia&parent=23625"}],"wp:term":[{"taxonomy":"category","embeddable":true,"href":"https:\/\/new.findnews5.com\/index.php?rest_route=%2Fwp%2Fv2%2Fcategories&post=23625"},{"taxonomy":"post_tag","embeddable":true,"href":"https:\/\/new.findnews5.com\/index.php?rest_route=%2Fwp%2Fv2%2Ftags&post=23625"}],"curies":[{"name":"wp","href":"https:\/\/api.w.org\/{rel}","templated":true}]}}