{"id":23583,"date":"2025-04-11T19:05:17","date_gmt":"2025-04-11T19:05:17","guid":{"rendered":"https:\/\/new.findnews5.com\/?p=23583"},"modified":"2025-04-11T19:05:21","modified_gmt":"2025-04-11T19:05:21","slug":"23583","status":"publish","type":"post","link":"https:\/\/new.findnews5.com\/?p=23583","title":{"rendered":""},"content":{"rendered":"<div class=\"78954ae5fa42b68c1393fe3da4998882\" data-index=\"1\" style=\"float: none; margin:0px 0 0px 0; text-align:center;\">\n<div data-type=\"_mgwidget\" data-widget-id=\"1576712\">\r\n<\/div>\r\n<script>(function(w,q){w[q]=w[q]||[];w[q].push([\"_mgc.load\"])})(window,\"_mgq\");\r\n<\/script>\r\n\n<\/div>\n\n<p>I dyshuari \u00ebsht\u00eb&nbsp;Ramiz Berisha&nbsp;nga komuna e Malishev\u00ebs. Gjithashtu dhe gruaja e tij e cila nuk \u00ebsht\u00eb identifikuar akoma, \u00ebsht\u00eb po nga nj\u00eb fshat i k\u00ebsaj komune t\u00eb Kosov\u00ebs.<\/p>\n\n\n\n<p>\u00c7ifti Berisha m\u00ebsohet se&nbsp;ishin prind\u00ebr t\u00eb 4 f\u00ebmij\u00ebve t\u00eb mitur dhe jetonin n\u00eb fshatin Epagny t\u00eb Zvicr\u00ebs. Ngjarj tragjike ndodhi m\u00ebngjesin e 10 prillit dhe autoritetet ende jan\u00eb duke punuar p\u00ebr konfirmimin e identitetit t\u00eb viktimave.<\/p>\n\n\n\n<p>Ishin banor\u00ebt e fshatit ata t\u00eb cil\u00ebrt d\u00ebgjuan t\u00eb sht\u00ebnat me arm\u00eb zjarri dhe kan\u00eb par\u00eb shtetasin Ramiz Berisha duke dal\u00eb nga sht\u00ebpia. Pas pak ai u rikthye s\u00ebrish brenda, ku mendohet se pasi ka vrar\u00eb bashk\u00ebshorten, i ka v\u00ebn\u00eb zjarrin sht\u00ebpis\u00eb ku p\u00ebr rrjedhoj\u00eb humbi jet\u00ebn.<\/p>\n\n\n\n<p>Dy viktimas s\u00eb bashku me f\u00ebmij\u00ebt e tyre jetonin n\u00eb nj\u00eb pjes\u00eb t\u00eb nj\u00eb vile n\u00eb fshatin Epagny e cila &nbsp;ishte marr\u00eb me qira nga \u00e7ifti me origjin\u00eb nga Kosova.<\/p>\n\n\n\n<p>Fatmir\u00ebsisht, kat\u00ebr f\u00ebmij\u00ebt e mitur nuk kan\u00eb qen\u00eb t\u00eb pranish\u00ebm n\u00eb momentin kur ka ndodhur ngjarja.<\/p>\n\n<div style=\"font-size: 0px; height: 0px; line-height: 0px; margin: 0; padding: 0; clear: both;\"><\/div>","protected":false},"excerpt":{"rendered":"<p>I dyshuari \u00ebsht\u00eb&nbsp;Ramiz Berisha&nbsp;nga komuna e Malishev\u00ebs. Gjithashtu dhe gruaja e tij e cila nuk \u00ebsht\u00eb identifikuar akoma, \u00ebsht\u00eb po nga nj\u00eb fshat i k\u00ebsaj komune t\u00eb&#8230; <\/p>\n","protected":false},"author":1,"featured_media":0,"comment_status":"open","ping_status":"open","sticky":false,"template":"","format":"standard","meta":{"footnotes":""},"categories":[6],"tags":[],"class_list":["post-23583","post","type-post","status-publish","format-standard","hentry","category-lajme"],"_links":{"self":[{"href":"https:\/\/new.findnews5.com\/index.php?rest_route=\/wp\/v2\/posts\/23583","targetHints":{"allow":["GET"]}}],"collection":[{"href":"https:\/\/new.findnews5.com\/index.php?rest_route=\/wp\/v2\/posts"}],"about":[{"href":"https:\/\/new.findnews5.com\/index.php?rest_route=\/wp\/v2\/types\/post"}],"author":[{"embeddable":true,"href":"https:\/\/new.findnews5.com\/index.php?rest_route=\/wp\/v2\/users\/1"}],"replies":[{"embeddable":true,"href":"https:\/\/new.findnews5.com\/index.php?rest_route=%2Fwp%2Fv2%2Fcomments&post=23583"}],"version-history":[{"count":1,"href":"https:\/\/new.findnews5.com\/index.php?rest_route=\/wp\/v2\/posts\/23583\/revisions"}],"predecessor-version":[{"id":23584,"href":"https:\/\/new.findnews5.com\/index.php?rest_route=\/wp\/v2\/posts\/23583\/revisions\/23584"}],"wp:attachment":[{"href":"https:\/\/new.findnews5.com\/index.php?rest_route=%2Fwp%2Fv2%2Fmedia&parent=23583"}],"wp:term":[{"taxonomy":"category","embeddable":true,"href":"https:\/\/new.findnews5.com\/index.php?rest_route=%2Fwp%2Fv2%2Fcategories&post=23583"},{"taxonomy":"post_tag","embeddable":true,"href":"https:\/\/new.findnews5.com\/index.php?rest_route=%2Fwp%2Fv2%2Ftags&post=23583"}],"curies":[{"name":"wp","href":"https:\/\/api.w.org\/{rel}","templated":true}]}}